{"id":456,"date":"2018-04-02T16:49:12","date_gmt":"2018-04-02T16:49:12","guid":{"rendered":"http:\/\/andreastriebel.de\/?p=456"},"modified":"2018-04-02T16:49:12","modified_gmt":"2018-04-02T16:49:12","slug":"zaehlkandidat-schulz-und-das-letzte-aufgebot-der-spd","status":"publish","type":"post","link":"https:\/\/andreastriebel.de\/?p=456","title":{"rendered":"Z\u00e4hlkandidat Schulz und das letzte Aufgebot der SPD","gt_translate_keys":[{"key":"rendered","format":"text"}]},"content":{"rendered":"<p>Als klar wurde, dass Gabriel gegen Merkel hoch verlieren w\u00fcrde, hat er im letzten Moment Martin Schulz vorgeschickt. Er sollte die Niederlage kassieren und dann wieder in den Hintergrund treten. Auf keinen Fall aber sollte er mit Hilfe der Linken Bundeskanzler werden.<\/p>\n<p>F\u00fcr alle F\u00e4lle hatte sich Gabriel ausbedungen, dass das Amt des Au\u00dfenministers f\u00fcr ihn reserviert bliebe. Er wusste, dass seine rechten Positionen von den Medien unterst\u00fctzt werden w\u00fcrden. Fernsehen und Printmedien \u00fcberboten sich ja dann auch in Lobeshymnen \u00fcber sein Wirken f\u00fcr das Ansehen Deutschlands und katapultierten ihn in Meinungsumfragen an die Spitze. Keinesfalls wollte sich Gabriel einem Parteichef Schulz unter ordnen.<\/p>\n<p>Nach der hoch verlorenen Wahl f\u00fchlte sich Schulz jedoch aufgrund seiner Br\u00fcsseler Erfahrungen der europ\u00e4ischen Politprominenz durchaus gewachsen und das Amt des Au\u00dfenministers w\u00e4re seinen Neigungen entgegen gekommen. Die SPD- Basis aber wollte einen Parteichef, der auf Feiern verdiente Genossen auszeichnet, Ehrennadeln verteilt und die Seele der Partei streichelt, vor allem aber sollte der Parteichef die Regierungsmitglieder \u00fcberwachen, um ein Abdriften von sozialdemokratischen Anliegen zu verhindern. In dieser Situation sahen Gabriel und die anderen Konkurrenten in der Parteispitze die g\u00fcnstige Gelegenheit Schulz wieder los zu werden. Die Medien sekundierten flei\u00dfig mit dem Vorwurf, dass Schulz sein Versprechen, nicht in die Regierung\u00a0 gehen zu wollen, gebrochen h\u00e4tte.\u00a0 Jetzt konnten die linke Nahles und der rechte Scholz sich verb\u00fcnden, die F\u00fchrung \u00fcbernehmen und Gabriel und Schulz gleichzeitig\u00a0 schassen. Maas mit der Statur eines Primaners w\u00fcrde jedenfalls kein gef\u00e4hrliches Gegengewicht entwickeln. (Ganz brav hat er ja auch die Anbiederung an die Netanjahu- Clique absolviert).<\/p>\n<p>Schulz politisches Talent allein reichte nicht: Vernetzung in der Berliner Politscene und vor allem R\u00fccksichtslosigkeit w\u00e4ren unbedingt zus\u00e4tzlich erforderlich gewesen, um die Chance zu erhalten, sich als Parteichef zu bew\u00e4hren.<\/p>\n<p>So schickt die SPD ihr letztes Aufgebot ins Rennen und wartet auf bessere Zeiten. Die hilflose Diskussion um die Schr\u00f6derschen Sozialgesetze zeigt, dass die SPD sich immer noch nicht zu ihrer Klientel bekennen will und weiterhin ihr Heil bei der gut situierten Mittelschicht sucht.<\/p>\n<p>&nbsp;<\/p>\n","protected":false,"gt_translate_keys":[{"key":"rendered","format":"html"}]},"excerpt":{"rendered":"<p>Als klar wurde, dass Gabriel gegen Merkel hoch verlieren w\u00fcrde, hat er im letzten Moment Martin Schulz vorgeschickt. Er sollte die Niederlage kassieren und dann wieder in den Hintergrund treten.&hellip;<\/p>\n","protected":false,"gt_translate_keys":[{"key":"rendered","format":"html"}]},"author":1,"featured_media":0,"comment_status":"open","ping_status":"open","sticky":false,"template":"","format":"standard","meta":{"footnotes":""},"categories":[11],"tags":[196,69,167,14,15],"class_list":["post-456","post","type-post","status-publish","format-standard","hentry","category-politik","tag-maas","tag-martin-schulz","tag-schroeder","tag-sigmar-gabriel","tag-spd"],"gt_translate_keys":[{"key":"link","format":"url"}],"_links":{"self":[{"href":"https:\/\/andreastriebel.de\/index.php?rest_route=\/wp\/v2\/posts\/456","targetHints":{"allow":["GET"]}}],"collection":[{"href":"https:\/\/andreastriebel.de\/index.php?rest_route=\/wp\/v2\/posts"}],"about":[{"href":"https:\/\/andreastriebel.de\/index.php?rest_route=\/wp\/v2\/types\/post"}],"author":[{"embeddable":true,"href":"https:\/\/andreastriebel.de\/index.php?rest_route=\/wp\/v2\/users\/1"}],"replies":[{"embeddable":true,"href":"https:\/\/andreastriebel.de\/index.php?rest_route=%2Fwp%2Fv2%2Fcomments&post=456"}],"version-history":[{"count":1,"href":"https:\/\/andreastriebel.de\/index.php?rest_route=\/wp\/v2\/posts\/456\/revisions"}],"predecessor-version":[{"id":457,"href":"https:\/\/andreastriebel.de\/index.php?rest_route=\/wp\/v2\/posts\/456\/revisions\/457"}],"wp:attachment":[{"href":"https:\/\/andreastriebel.de\/index.php?rest_route=%2Fwp%2Fv2%2Fmedia&parent=456"}],"wp:term":[{"taxonomy":"category","embeddable":true,"href":"https:\/\/andreastriebel.de\/index.php?rest_route=%2Fwp%2Fv2%2Fcategories&post=456"},{"taxonomy":"post_tag","embeddable":true,"href":"https:\/\/andreastriebel.de\/index.php?rest_route=%2Fwp%2Fv2%2Ftags&post=456"}],"curies":[{"name":"wp","href":"https:\/\/api.w.org\/{rel}","templated":true}]}}