{"id":4607,"date":"2024-09-08T17:25:18","date_gmt":"2024-09-08T15:25:18","guid":{"rendered":"https:\/\/andreastriebel.de\/?p=4607"},"modified":"2024-09-12T18:05:26","modified_gmt":"2024-09-12T16:05:26","slug":"bsw-am-scheideweg","status":"publish","type":"post","link":"https:\/\/andreastriebel.de\/?p=4607","title":{"rendered":"BSW am Scheideweg","gt_translate_keys":[{"key":"rendered","format":"text"}]},"content":{"rendered":"\n<p>Ganz versessen sind die frischgew\u00e4hlten BSW- Funktion\u00e4re, jetzt in Regierungs\u00e4mter zu gelangen. So wie Kemmerich damals schnell an die Arbeit gehen wollte und das Malus mit Hilfe der AfD gew\u00e4hlt worden zu sein, absch\u00fctteln wollte, so will das BSW jetzt mit Hilfe der CDU in Regierungs\u00e4mter gelangen.<\/p>\n\n\n\n<p>Leute habt Ihr vergessen, dass AfD und CDU gemeinsame Wurzeln haben? Bei der Gr\u00fcndung der AfD ging es in dem Altherrenclub um die Rettung des Euro bzw. der D-Mark. <\/p>\n\n\n\n<p>Inzwischen steht<\/p>\n\n\n\n<figure class=\"wp-block-table\"><table class=\"has-fixed-layout\"><tbody><tr><td>&#8211; die CDU f\u00fcr Krieg und Aufr\u00fcstung<\/td><td>&#8211; die AfD f\u00fcr Friedenspolitik und Diplomatie &nbsp;&nbsp;<\/td><\/tr><tr><td>&#8211; die CDU f\u00fcr Coronafaschismus<\/td><td>&#8211; die AfD f\u00fcr eine Aufarbeitung der Coronaverbrechen<\/td><\/tr><tr><td>&#8211; die CDU f\u00fcr Klima -Schwurbelei und Angstmache<\/td><td>&#8211; die AfD gegen Verbrennerverbot, f\u00fcr Umweltschutz<\/td><\/tr><tr><td>&nbsp;&#8211; die CDU f\u00fcr Gendern und Geschlechtsumwandlung <\/td><td>&#8211; die AfD gegen Gendern und gegen Trans-Ideologie<\/td><\/tr><tr><td>&nbsp;&#8211;&nbsp;die CDU f\u00fcr Einwanderung aus &#8222;christlichen&#8220; Motiven&nbsp;&nbsp;&nbsp;<\/td><td>&#8211; die AfD f\u00fcr Grenzkontrollen, gegen ungebremste Einwanderung<\/td><\/tr><tr><td>&nbsp;&#8211; &#8230;<\/td><td>&nbsp;&#8211; &#8230; <\/td><\/tr><\/tbody><\/table><\/figure>\n\n\n\n<p>Und ist es Euch gleichg\u00fcltig, ob Euer zu w\u00e4hlender Ministerpr\u00e4sident ein Betr\u00fcger ist?<\/p>\n\n\n\n<p>Mehr als ein Z\u00fcnglein an der Waage, wie die FDP, werdet Ihr so nie werden. Ob Ihr \u00fcberleben werdet, wenn Eure W\u00e4hler merken, dass Ihr einer Partei zur Regierung verhelft, die f\u00fcr Coronafaschismus, Kriegstreiberei und Klimaschwurbelei verantwortlich ist?<\/p>\n\n\n\n<p>Lasst mal das t\u00fcckische Framing \u00fcber das V\u00f6lkische beiseite und besinnt Euch auf die Interessen der einfachen Leute; das war, so behauptet O. Lafontaine, das Erfolgsrezept f\u00fcr seine lebenslang erfolgreiche Karriere. Lieber wollt Ihr Euch mit Merz, Kiesewetter, W\u00fcst und Voigt verbinden, seid Ihr noch ganz bei Troste?<\/p>\n\n\n\n<figure class=\"wp-block-embed is-type-video is-provider-youtube wp-block-embed-youtube wp-embed-aspect-16-9 wp-has-aspect-ratio\"><div class=\"wp-block-embed__wrapper\">\n<iframe loading=\"lazy\" title=\"Migrationsgipfel geplatzt! Warum?\" width=\"317\" height=\"178\" src=\"https:\/\/www.youtube.com\/embed\/kDlFK7sAu2o?feature=oembed\" frameborder=\"0\" allow=\"accelerometer; autoplay; clipboard-write; encrypted-media; gyroscope; picture-in-picture; web-share\" referrerpolicy=\"strict-origin-when-cross-origin\" allowfullscreen><\/iframe>\n<\/div><\/figure>\n","protected":false,"gt_translate_keys":[{"key":"rendered","format":"html"}]},"excerpt":{"rendered":"<p>Ganz versessen sind die frischgew\u00e4hlten BSW- Funktion\u00e4re, jetzt in Regierungs\u00e4mter zu gelangen. So wie Kemmerich damals schnell an die Arbeit gehen wollte und das Malus mit Hilfe der AfD gew\u00e4hlt&hellip;<\/p>\n","protected":false,"gt_translate_keys":[{"key":"rendered","format":"html"}]},"author":1,"featured_media":0,"comment_status":"open","ping_status":"open","sticky":false,"template":"","format":"standard","meta":{"footnotes":""},"categories":[11],"tags":[16,807,176,853,60,854,821,674,852,692],"class_list":["post-4607","post","type-post","status-publish","format-standard","hentry","category-politik","tag-afd","tag-bsw","tag-cdu","tag-coronafaschismus","tag-fdp","tag-kemmerich","tag-kiesewettwe","tag-merz","tag-voigt","tag-wuest"],"gt_translate_keys":[{"key":"link","format":"url"}],"_links":{"self":[{"href":"https:\/\/andreastriebel.de\/index.php?rest_route=\/wp\/v2\/posts\/4607","targetHints":{"allow":["GET"]}}],"collection":[{"href":"https:\/\/andreastriebel.de\/index.php?rest_route=\/wp\/v2\/posts"}],"about":[{"href":"https:\/\/andreastriebel.de\/index.php?rest_route=\/wp\/v2\/types\/post"}],"author":[{"embeddable":true,"href":"https:\/\/andreastriebel.de\/index.php?rest_route=\/wp\/v2\/users\/1"}],"replies":[{"embeddable":true,"href":"https:\/\/andreastriebel.de\/index.php?rest_route=%2Fwp%2Fv2%2Fcomments&post=4607"}],"version-history":[{"count":9,"href":"https:\/\/andreastriebel.de\/index.php?rest_route=\/wp\/v2\/posts\/4607\/revisions"}],"predecessor-version":[{"id":4620,"href":"https:\/\/andreastriebel.de\/index.php?rest_route=\/wp\/v2\/posts\/4607\/revisions\/4620"}],"wp:attachment":[{"href":"https:\/\/andreastriebel.de\/index.php?rest_route=%2Fwp%2Fv2%2Fmedia&parent=4607"}],"wp:term":[{"taxonomy":"category","embeddable":true,"href":"https:\/\/andreastriebel.de\/index.php?rest_route=%2Fwp%2Fv2%2Fcategories&post=4607"},{"taxonomy":"post_tag","embeddable":true,"href":"https:\/\/andreastriebel.de\/index.php?rest_route=%2Fwp%2Fv2%2Ftags&post=4607"}],"curies":[{"name":"wp","href":"https:\/\/api.w.org\/{rel}","templated":true}]}}