{"id":4627,"date":"2024-09-20T14:28:28","date_gmt":"2024-09-20T12:28:28","guid":{"rendered":"https:\/\/andreastriebel.de\/?p=4627"},"modified":"2024-11-05T16:19:42","modified_gmt":"2024-11-05T15:19:42","slug":"lieber-oskar-lafontaine","status":"publish","type":"post","link":"https:\/\/andreastriebel.de\/?p=4627","title":{"rendered":"Lieber Oskar Lafontaine!","gt_translate_keys":[{"key":"rendered","format":"text"}]},"content":{"rendered":"\n<p><strong><em>Ihre Rechts- Links- Schablonen passen nicht mehr in die heutige Zeit<\/em><\/strong><em>.<\/em><\/p>\n\n\n\n<p>In Ihrem Interview mit der \u201eWeltwoche\u201c verweigern Sie die Diskussion mit der AfD, weil das angeblich \u201eRechte\u201c seien, denn H\u00f6cke habe gesagt, dass das Mahnmal f\u00fcr die Opfer des Nationalsozialismus in Berlin ein Mahnmal der Schande sei. Was ist es denn sonst? Erinnert es nicht an die Schande unserer Vorfahren, an die Verfolgung von Juden, Kommunisten und dem umherziehenden Volk?<\/p>\n\n\n\n<p>Dass man nicht mehr ertragen kann, wenn die Berliner Neonazis um Steinmeier und Konsorten Tr\u00e4nen vergie\u00dfen, ist verst\u00e4ndlich. Aber was hat das mit der AfD zu tun? &nbsp;Ihr v\u00f6lkisches Denken zu unterstellen, ist genauso ein Framing wie die Kommunistenhetze gegen Ihre Frau.<\/p>\n\n\n\n<p>Tatsache ist dagegen, dass Frau Wagenknecht ihren Wahlkampf auf den Mittelstand konzentriert hat, der in Sachsen die Abschaffung des Mindestlohnes forderte. Und dass sie sich bei der H\u00f6he des Mindestlohnes von dem Minister Heil \u00fcbertreffen l\u00e4sst und die  Begr\u00fcndung, dass sie nicht in einen Wettkampf dar\u00fcber eintreten wolle, zeigt nicht gerade ein Verst\u00e4ndnis f\u00fcr proletarische Interessen. Hat BSW etwa die Absenkung des Renteneintrittsalters gefordert? Die Billion Kosten, die der Corona- Putsch verursacht hat, h\u00e4tte ohne Wohlstandsverlust f\u00fcr eine Absenkung verwendet werden k\u00f6nnen. Das h\u00e4tte tats\u00e4chlich eine Verbesserung der Lage der Unterschichten erbracht. Die AfD h\u00e4tte sich einer Diskussion dar\u00fcber sicher nicht verschlossen.<\/p>\n\n\n\n<p>Stattdessen will BSW lieber mit dem Betr\u00fcger Voigt paktieren, der Regierungssessel verspricht. Dass dabei entt\u00e4uschte W\u00e4hler zur\u00fcckgelassen werden, scheint Sie nicht zu interessieren.<\/p>\n\n\n\n<p>Da kommt Ihnen die Stationierung von amerikanischen Atomraketen in Deutschland gerade recht. Das bedeutet Erpressungspotential: Bleibt ruhig, ertragt unser Schmusen mit den Kriegstreibern der CDU, sonst k\u00f6nnen wir die Ablehnung der Stationierung nicht durchsetzen. Wenn Ihr selbstst\u00e4ndig k\u00e4mpft, h\u00f6heren Mindestlohn fordert und der Rente erst mit siebzig Jahren nicht zustimmt, gehen die Parteien \u00fcber eure Interessen hinweg und bereiten den Atomkrieg vor.<\/p>\n\n\n\n<p>\u00dcber Ihren Vorschlag zusammen mit Frankreich eine eigene europ\u00e4ische Verteidigung, ohne die Nato aufzubauen, haben Sie mit der AfD \u00fcberhaupt nicht diskutiert. Es w\u00e4re m\u00f6glich, dass diese zustimmen w\u00fcrde, und Ihr Rechts- Links- Schema w\u00fcrde sich in Luft aufl\u00f6sen. Und die AfD wird sich nach dem Urteil des Weltgerichtshofs wohl kaum f\u00fcr Waffenlieferungen nach Israel aussprechen und nicht mehr bef\u00fcrchten, sich dem Vorwurf des Antisemitismus auszusetzen.<\/p>\n\n\n\n<p>Dass Sie aber den Corona- Putsch nicht als umfassenden, faschistischen Angriff zur Beherrschung der ganzen Bev\u00f6lkerung begreifen wollen, ist Ihr eigentlicher, schwerster Irrweg.<\/p>\n\n\n\n<div class=\"wp-block-group\"><div class=\"wp-block-group__inner-container is-layout-constrained wp-block-group-is-layout-constrained\">\n<p><a href=\"https:\/\/weltwoche.ch\/daily\/oskar-lafontaine-es-gibt-einen-grossen-dissens-in-der-aussenpolitik-zwischen-afd-und-bsw\">https:\/\/weltwoche.ch\/daily\/oskar-lafontaine-es-gibt-einen-grossen-dissens-in-der-aussenpolitik-zwischen-afd-und-bsw<\/a><\/p>\n<\/div><\/div>\n","protected":false,"gt_translate_keys":[{"key":"rendered","format":"html"}]},"excerpt":{"rendered":"<p>Ihre Rechts- Links- Schablonen passen nicht mehr in die heutige Zeit. In Ihrem Interview mit der \u201eWeltwoche\u201c verweigern Sie die Diskussion mit der AfD, weil das angeblich \u201eRechte\u201c seien, denn&hellip;<\/p>\n","protected":false,"gt_translate_keys":[{"key":"rendered","format":"html"}]},"author":1,"featured_media":0,"comment_status":"open","ping_status":"open","sticky":false,"template":"","format":"standard","meta":{"footnotes":""},"categories":[11],"tags":[16,858,235,800],"class_list":["post-4627","post","type-post","status-publish","format-standard","hentry","category-politik","tag-afd","tag-corona-putsch","tag-lafontaine","tag-wagenknecht"],"gt_translate_keys":[{"key":"link","format":"url"}],"_links":{"self":[{"href":"https:\/\/andreastriebel.de\/index.php?rest_route=\/wp\/v2\/posts\/4627","targetHints":{"allow":["GET"]}}],"collection":[{"href":"https:\/\/andreastriebel.de\/index.php?rest_route=\/wp\/v2\/posts"}],"about":[{"href":"https:\/\/andreastriebel.de\/index.php?rest_route=\/wp\/v2\/types\/post"}],"author":[{"embeddable":true,"href":"https:\/\/andreastriebel.de\/index.php?rest_route=\/wp\/v2\/users\/1"}],"replies":[{"embeddable":true,"href":"https:\/\/andreastriebel.de\/index.php?rest_route=%2Fwp%2Fv2%2Fcomments&post=4627"}],"version-history":[{"count":5,"href":"https:\/\/andreastriebel.de\/index.php?rest_route=\/wp\/v2\/posts\/4627\/revisions"}],"predecessor-version":[{"id":4669,"href":"https:\/\/andreastriebel.de\/index.php?rest_route=\/wp\/v2\/posts\/4627\/revisions\/4669"}],"wp:attachment":[{"href":"https:\/\/andreastriebel.de\/index.php?rest_route=%2Fwp%2Fv2%2Fmedia&parent=4627"}],"wp:term":[{"taxonomy":"category","embeddable":true,"href":"https:\/\/andreastriebel.de\/index.php?rest_route=%2Fwp%2Fv2%2Fcategories&post=4627"},{"taxonomy":"post_tag","embeddable":true,"href":"https:\/\/andreastriebel.de\/index.php?rest_route=%2Fwp%2Fv2%2Ftags&post=4627"}],"curies":[{"name":"wp","href":"https:\/\/api.w.org\/{rel}","templated":true}]}}