{"id":4671,"date":"2024-11-07T12:40:22","date_gmt":"2024-11-07T11:40:22","guid":{"rendered":"https:\/\/andreastriebel.de\/?p=4671"},"modified":"2024-11-14T14:50:58","modified_gmt":"2024-11-14T13:50:58","slug":"scholz-oder-merz-wie-pest-oder-cholera","status":"publish","type":"post","link":"https:\/\/andreastriebel.de\/?p=4671","title":{"rendered":"Scholz oder Merz wie Pest oder Cholera","gt_translate_keys":[{"key":"rendered","format":"text"}]},"content":{"rendered":"\n<p>Bevor Scholz im Fr\u00fchjahr abtritt, will er noch 250.000 kenianische Facharbeiter in den deutschen Arbeitsmarkt pressen und sich bei deutschen Industriellen beliebt machen. Auch Usbeken sollen den deutschen Arbeitsmarkt auff\u00fcllen. Die Vertr\u00e4ge dazu werden geheim gehalten. Gleichzeitig entl\u00e4sst VW aber alle Leiharbeiter und die Facharbeiter finden keine Arbeit, denn BMW hat auch Verkaufsr\u00fcckg\u00e4nge und seine Werke nicht in Norddeutschland.<\/p>\n\n\n\n<p>Der Gender- Nonsens ist enttarnt: zun\u00e4chst wurden Feministinnen und auch allen Frauen der Brocken zugeworfen, dass man sie auch sprachlich erw\u00e4hnen m\u00fcsse, also nicht mehr W\u00e4hler sagen d\u00fcrfe, sondern gleichzeitig auch W\u00e4hlerinnen, sonst sei das eine Abwertung. So versuchte man zu verbergen, dass eine wirkliche Aufwertung nicht beabsichtigt war. Frauen der Unterklasse k\u00f6nnen dar\u00fcber nur spotten.<\/p>\n\n\n\n<p>&nbsp;Schlie\u00dflich wurde die Geschlechtlichkeit komplett negiert; freie Wahl des Geschlechts war die Devise und wer sich in seiner Haut nicht wohlf\u00fchlt, erh\u00e4lt gegengeschlechtliche Hormone, ein Verbrechen an Jugendlichen. Die chirurgischen Verst\u00fcmmelungen wurden peinlich verschwiegen. Was sollen Frauen mit Mindestl\u00f6hnen dazu sagen?<\/p>\n\n\n\n<p>Daf\u00fcr wollen Scholz und die Gr\u00fcnen bis zum Fr\u00fchjahr so weitermachen. Und beinahe w\u00e4re BSW auf diesen Zug aufgesprungen.<\/p>\n\n\n\n<p>Und in die R\u00fcstung sind sie alle verliebt. F\u00fcr die vielen Panzer und Gesch\u00fctze, die sie jetzt produzieren wollen, haben sie nicht genug Personal und wollen deshalb die sogenannte Wehrpflicht wieder einf\u00fchren. An alle jungen M\u00e4nner werden Frageb\u00f6gen verschickt, die verpflichtend beantwortet werden m\u00fcssen. Im Falle der Weigerung wird die Justiz beauftragt. Auf die Justiz kann sich die Regierung verlassen; das zeigen unz\u00e4hlige Maskenprozesse in Deutschland. Frauen sollen bisher noch nicht in die Bundeswehr gezwungen werden, aber wenn demn\u00e4chst der in Taurus Raketen verliebte Merz zum Kanzler gew\u00e4hlt wird, steht auch die Frauen- Wehrpflicht zur Debatte. &nbsp;Anstatt Strack- Zimmermann werden uns dann andere Brechmittel wie Kiesewetter und R\u00f6ttgen vorgesetzt, oder Betr\u00fcger wie \u201eProf, Dr.\u201c Voigt.<\/p>\n\n\n\n<p>Die Wahl von Tramp l\u00e4utet zwar das Ende der Wokeness ein, aber ob damit eine wirkliche Alternative in Deutschland verbunden sein wird, ist noch nicht abzusehen. Die soziale Schicht, die sich im woken Milieu wohlf\u00fchlt, ist noch zu gro\u00df, zu einflussreich. Ein \u00dcbergang der Regierungsgewalt zur CDU wird nur einen Wechsel der Gesichter bedeuten und die Millionen Impfopfer bleiben weiter entsch\u00e4digungslos.<\/p>\n\n\n\n<p>Der Vormarsch der NATO in der Ukraine ist gestoppt. Eine deutsche Regierung kann noch so viel viele Milliarden in die R\u00fcstung stecken, der Vorsprung Russlands ist nicht einholbar und Diplomatie und ein gutes Verh\u00e4ltnis zu allen Nachbarn w\u00e4ren zwingend.<\/p>\n\n\n\n<blockquote class=\"wp-block-quote is-layout-flow wp-block-quote-is-layout-flow\">\n<figure class=\"wp-block-embed is-type-wp-embed is-provider-tkp-at wp-block-embed-tkp-at\"><div class=\"wp-block-embed__wrapper\">\n<blockquote class=\"wp-embedded-content\" data-secret=\"yXbqPWfSqQ\"><a href=\"https:\/\/tkp.at\/2024\/11\/08\/anstieg-von-herzschaeden-bei-kindern-nach-corona-impfung\/\">Anstieg von Herzsch\u00e4den bei Kindern nach Corona-Impfung<\/a><\/blockquote><iframe loading=\"lazy\" class=\"wp-embedded-content\" sandbox=\"allow-scripts\" security=\"restricted\" style=\"position: absolute; visibility: hidden;\" title=\"&#8222;Anstieg von Herzsch\u00e4den bei Kindern nach Corona-Impfung&#8220; &#8212; tkp.at\" src=\"https:\/\/tkp.at\/2024\/11\/08\/anstieg-von-herzschaeden-bei-kindern-nach-corona-impfung\/embed\/#?secret=Sqyal8kq8Q#?secret=yXbqPWfSqQ\" data-secret=\"yXbqPWfSqQ\" width=\"317\" height=\"200\" frameborder=\"0\" marginwidth=\"0\" marginheight=\"0\" scrolling=\"no\"><\/iframe>\n<\/div><figcaption class=\"wp-element-caption\"><a href=\"https:\/\/tkp.at\/2024\/11\/08\/anstieg-von-herzschaeden-bei-kindern-nach-corona-impfung\/\">https:\/\/tkp.at\/2024\/11\/08\/anstieg-von-herzschaeden-bei-kindern-nach-corona-impfung\/<\/a><\/figcaption><\/figure>\n<\/blockquote>\n\n\n\n<h4 class=\"wp-block-heading\">Es gibt bekanntlich kein richtiges Leben im falschen. Dies gilt auch f\u00fcr den Irrweg, sich durch niedrig dosierte Gifte einen Schutz vor Krankheit und Alter zu verschaffen.<\/h4>\n\n\n\n<p>Nicht nur die Arsenik-Esser haben im 19. Jahrhundert ihren f\u00fcr kurze Zeit frischeren Teint mit einem vorzeitigen Tod bezahlt. Die Geschichte der Impfungen ist mit Toten und Schwergesch\u00e4digten gepflastert. Bereits im Jahr 1912 publizierte der Ingenieur Hugo Wegener seinen \u201eImpf-Friedhof\u201c<a href=\"https:\/\/tkp.at\/2024\/11\/09\/das-narrativ-vom-impferfolg\/#sdendnote1sym\">i<\/a>, der schon damals jedem die Illusion eines Impfnutzens rauben musste. Dennoch wird seit 300 Jahren ein betr\u00fcgerisches Gesch\u00e4ftsmodell mit dreisten Geschichtsf\u00e4lschungen am Leben erhalten.<\/p>\n\n\n\n<figure class=\"wp-block-embed is-type-wp-embed is-provider-tkp-at wp-block-embed-tkp-at\"><div class=\"wp-block-embed__wrapper\">\n<blockquote class=\"wp-embedded-content\" data-secret=\"PUKrep6LV9\"><a href=\"https:\/\/tkp.at\/2024\/11\/09\/das-narrativ-vom-impferfolg\/\">Das Narrativ vom Impferfolg<\/a><\/blockquote><iframe loading=\"lazy\" class=\"wp-embedded-content\" sandbox=\"allow-scripts\" security=\"restricted\" style=\"position: absolute; visibility: hidden;\" title=\"&#8222;Das Narrativ vom Impferfolg&#8220; &#8212; tkp.at\" src=\"https:\/\/tkp.at\/2024\/11\/09\/das-narrativ-vom-impferfolg\/embed\/#?secret=pgoZ82E4cV#?secret=PUKrep6LV9\" data-secret=\"PUKrep6LV9\" width=\"317\" height=\"200\" frameborder=\"0\" marginwidth=\"0\" marginheight=\"0\" scrolling=\"no\"><\/iframe>\n<\/div><figcaption class=\"wp-element-caption\"><a href=\"https:\/\/tkp.at\/2024\/11\/09\/das-narrativ-vom-impferfolg\/\">https:\/\/tkp.at\/2024\/11\/09\/das-narrativ-vom-impferfolg\/<\/a><\/figcaption><\/figure>\n\n\n\n<p><\/p>\n\n\n\n<figure class=\"wp-block-embed is-type-video is-provider-youtube wp-block-embed-youtube wp-embed-aspect-16-9 wp-has-aspect-ratio\"><div class=\"wp-block-embed__wrapper\">\n<iframe loading=\"lazy\" title=\"Neuwahlen 2025 - was kommt?\" width=\"317\" height=\"178\" src=\"https:\/\/www.youtube.com\/embed\/VfzrR3HIgXw?feature=oembed\" frameborder=\"0\" allow=\"accelerometer; autoplay; clipboard-write; encrypted-media; gyroscope; picture-in-picture; web-share\" referrerpolicy=\"strict-origin-when-cross-origin\" allowfullscreen><\/iframe>\n<\/div><figcaption class=\"wp-element-caption\">Prof. Stefan Homburg erz\u00e4hlt uns das Narrativ von der demographischen Bedrohung: &#8222;immense Belastung durch die Alterung der Bev\u00f6lkerung&#8220;<\/figcaption><\/figure>\n\n\n\n<figure class=\"wp-block-embed is-type-video is-provider-youtube wp-block-embed-youtube wp-embed-aspect-16-9 wp-has-aspect-ratio\"><div class=\"wp-block-embed__wrapper\">\n<iframe loading=\"lazy\" title=\"Russland oder Ukraine? Wem kannst du noch glauben?\" width=\"317\" height=\"178\" src=\"https:\/\/www.youtube.com\/embed\/FkFU43gmfEc?feature=oembed\" frameborder=\"0\" allow=\"accelerometer; autoplay; clipboard-write; encrypted-media; gyroscope; picture-in-picture; web-share\" referrerpolicy=\"strict-origin-when-cross-origin\" allowfullscreen><\/iframe>\n<\/div><figcaption class=\"wp-element-caption\">Patrik  Baab im Interview<\/figcaption><\/figure>\n\n\n\n<figure class=\"wp-block-embed is-type-video is-provider-youtube wp-block-embed-youtube wp-embed-aspect-16-9 wp-has-aspect-ratio\"><div class=\"wp-block-embed__wrapper\">\n<iframe loading=\"lazy\" title=\"Warum ist der Wahltermin so wichtig?\" width=\"317\" height=\"178\" src=\"https:\/\/www.youtube.com\/embed\/Q6qmGzjlFfs?feature=oembed\" frameborder=\"0\" allow=\"accelerometer; autoplay; clipboard-write; encrypted-media; gyroscope; picture-in-picture; web-share\" referrerpolicy=\"strict-origin-when-cross-origin\" allowfullscreen><\/iframe>\n<\/div><\/figure>\n","protected":false,"gt_translate_keys":[{"key":"rendered","format":"html"}]},"excerpt":{"rendered":"<p>Bevor Scholz im Fr\u00fchjahr abtritt, will er noch 250.000 kenianische Facharbeiter in den deutschen Arbeitsmarkt pressen und sich bei deutschen Industriellen beliebt machen. Auch Usbeken sollen den deutschen Arbeitsmarkt auff\u00fcllen.&hellip;<\/p>\n","protected":false,"gt_translate_keys":[{"key":"rendered","format":"html"}]},"author":1,"featured_media":0,"comment_status":"closed","ping_status":"closed","sticky":false,"template":"","format":"standard","meta":{"footnotes":""},"categories":[11],"tags":[807,674,182,863],"class_list":["post-4671","post","type-post","status-publish","format-standard","hentry","category-politik","tag-bsw","tag-merz","tag-scholz","tag-wehrpflicht"],"gt_translate_keys":[{"key":"link","format":"url"}],"_links":{"self":[{"href":"https:\/\/andreastriebel.de\/index.php?rest_route=\/wp\/v2\/posts\/4671","targetHints":{"allow":["GET"]}}],"collection":[{"href":"https:\/\/andreastriebel.de\/index.php?rest_route=\/wp\/v2\/posts"}],"about":[{"href":"https:\/\/andreastriebel.de\/index.php?rest_route=\/wp\/v2\/types\/post"}],"author":[{"embeddable":true,"href":"https:\/\/andreastriebel.de\/index.php?rest_route=\/wp\/v2\/users\/1"}],"replies":[{"embeddable":true,"href":"https:\/\/andreastriebel.de\/index.php?rest_route=%2Fwp%2Fv2%2Fcomments&post=4671"}],"version-history":[{"count":11,"href":"https:\/\/andreastriebel.de\/index.php?rest_route=\/wp\/v2\/posts\/4671\/revisions"}],"predecessor-version":[{"id":4693,"href":"https:\/\/andreastriebel.de\/index.php?rest_route=\/wp\/v2\/posts\/4671\/revisions\/4693"}],"wp:attachment":[{"href":"https:\/\/andreastriebel.de\/index.php?rest_route=%2Fwp%2Fv2%2Fmedia&parent=4671"}],"wp:term":[{"taxonomy":"category","embeddable":true,"href":"https:\/\/andreastriebel.de\/index.php?rest_route=%2Fwp%2Fv2%2Fcategories&post=4671"},{"taxonomy":"post_tag","embeddable":true,"href":"https:\/\/andreastriebel.de\/index.php?rest_route=%2Fwp%2Fv2%2Ftags&post=4671"}],"curies":[{"name":"wp","href":"https:\/\/api.w.org\/{rel}","templated":true}]}}