{"id":4687,"date":"2024-11-12T18:35:28","date_gmt":"2024-11-12T17:35:28","guid":{"rendered":"https:\/\/andreastriebel.de\/?p=4687"},"modified":"2024-11-15T12:55:19","modified_gmt":"2024-11-15T11:55:19","slug":"nichts-wird-besser-mit-merz-und-co","status":"publish","type":"post","link":"https:\/\/andreastriebel.de\/?p=4687","title":{"rendered":"Nichts wird besser mit Merz und Co","gt_translate_keys":[{"key":"rendered","format":"text"}]},"content":{"rendered":"\n<p><em>Merz ist auch nach der Trump- Wahl noch auf Kriegskurs<\/em>.<\/p>\n\n\n\n<p>Schon wieder bekr\u00e4ftigte er im Fernsehen seine Forderung, Russland mit Raketen zu beschie\u00dfen. Und Kiesewetter r\u00fcckt nicht von seiner Aufforderung ab, Moskauer Ministerien zu bombardieren. Auch R\u00f6ttgen kommt aus seiner Gruft und zeigt mit seiner Treueschwur zu dem Auftraggeber der Zerst\u00f6rung der Gaspipeline in der Ostsee, dass er nichts gelernt hat. Solche Krieger bestimmen das Gesicht der CDU.<\/p>\n\n\n\n<p>W\u00fcst m\u00f6chte dem Teflon- S\u00f6der nacheifern, ist aber nicht so wendig und l\u00e4sst sich von seinen Anh\u00e4ngern als Br\u00fcckenw\u00fcst bezeichnen, um auf seine F\u00e4higkeit des Br\u00fcckenschlags zu den Gr\u00fcnen hinzuweisen, was aber nach hinten losgeht, da jeder an die Sauerlandbr\u00fccke denkt, deren maroden Zustand er als Verkehrsminister zu verantworten hatte.<\/p>\n\n\n\n<p>Weil jeder die Ampel loswerden will und die CDU nichts Besseres zu bieten hat als das Versprechen, die R\u00fcstungsausgaben zu verdoppeln, sind die Aussichten d\u00fcster.<\/p>\n\n\n\n<p>Sollte die FDP die F\u00fcnf-Prozent-H\u00fcrde nehmen, besteht sogar die Aussicht, dass die uns\u00e4gliche R\u00fcstungslobbyistin der FDP wieder zum Zuge kommt.<\/p>\n\n\n\n<p>Und die Aufsteiger von der Jungen Union w\u00e4rmen sich schon auf: Ganz offensiv fordern sie eine l\u00e4ngere Lebensarbeitszeit f\u00fcr die \u00e4lteren Menschen. Erst mit siebzig soll Schluss sein. Diese Kampagne hatte schon M\u00fcntefering aggressiv verfolgt. Aus Angst vor dem W\u00e4hlerverlust wurde er von seiner Partei zur M\u00e4\u00dfigung gezwungen.<\/p>\n\n\n\n<p>Diese Angst vor seiner Partei braucht Merz nicht zu haben, die Junge Union hat er schon hinter sich. &nbsp;Die Absenkung oder Abschaffung des Mindestlohnes traut er sich aber noch nicht zu fordern. Er wird wie die Ampelkoalition\u00e4re die Inflationierung der Preise f\u00fcr Grundnahrungsmittel, f\u00fcr Wohnen und Energie bevorzugen. Das hat den Vorzug, dass die Regierung und Konzernmedien weiter von geringen Prozents\u00e4tzen der Inflation schwurbeln k\u00f6nnen, w\u00e4hrend das verf\u00fcgbare Einkommen f\u00fcr Unter- und Mittelklasse sinkt.<\/p>\n\n\n\n<p>Origin\u00e4re Regierungsaufgaben wie die Gew\u00e4hrleistung des \u00f6ffentlichen Verkehrs durch Bundesbahn und Autobahnen werden vernachl\u00e4ssigt. Diesen Bereichen die Finanzen zu entziehen, das haben schon bisher die CSU- Minister im Verbund mit Sch\u00e4uble hervorragend geschafft.<\/p>\n\n\n\n<p>Die Aufarbeitung der Coronaverbrechen, die Bestrafung der Verantwortlichen und die Wiedergutmachung bei den Gesch\u00e4digten, das liegt mit der CDU in weiter Ferne. Ein Hauptverantwortlicher wie Spahn hat schon wieder seinen Anspruch auf ein Ministeramt angemeldet.<\/p>\n\n\n\n<p>Und die Gr\u00fcnen k\u00f6nnen immer noch mit einem Stimmenanteil um die 10 % rechnen. Es gibt zu viele Menschen in der gr\u00fcnen Blase, die noch nicht erkannt haben, dass die CO2- Schwurbelei ein einziger Betrug war und bei vielen auch ein Wahn<\/p>\n\n\n\n<p>Es wird h\u00f6chste Zeit f\u00fcr einen Wandel, aber mit der CDU kommt dieser sicher nicht.<\/p>\n\n\n\n<figure class=\"wp-block-embed is-type-video is-provider-youtube wp-block-embed-youtube wp-embed-aspect-16-9 wp-has-aspect-ratio\"><div class=\"wp-block-embed__wrapper\">\n<iframe loading=\"lazy\" title=\"Kriminalisierung der Opposition\" width=\"317\" height=\"178\" src=\"https:\/\/www.youtube.com\/embed\/MVeZSAY5jsU?feature=oembed\" frameborder=\"0\" allow=\"accelerometer; autoplay; clipboard-write; encrypted-media; gyroscope; picture-in-picture; web-share\" referrerpolicy=\"strict-origin-when-cross-origin\" allowfullscreen><\/iframe>\n<\/div><\/figure>\n","protected":false,"gt_translate_keys":[{"key":"rendered","format":"html"}]},"excerpt":{"rendered":"<p>Merz ist auch nach der Trump- Wahl noch auf Kriegskurs. Schon wieder bekr\u00e4ftigte er im Fernsehen seine Forderung, Russland mit Raketen zu beschie\u00dfen. Und Kiesewetter r\u00fcckt nicht von seiner Aufforderung&hellip;<\/p>\n","protected":false,"gt_translate_keys":[{"key":"rendered","format":"html"}]},"author":1,"featured_media":0,"comment_status":"open","ping_status":"closed","sticky":false,"template":"","format":"standard","meta":{"footnotes":""},"categories":[11],"tags":[176,801,674],"class_list":["post-4687","post","type-post","status-publish","format-standard","hentry","category-politik","tag-cdu","tag-coronaverbrechen","tag-merz"],"gt_translate_keys":[{"key":"link","format":"url"}],"_links":{"self":[{"href":"https:\/\/andreastriebel.de\/index.php?rest_route=\/wp\/v2\/posts\/4687","targetHints":{"allow":["GET"]}}],"collection":[{"href":"https:\/\/andreastriebel.de\/index.php?rest_route=\/wp\/v2\/posts"}],"about":[{"href":"https:\/\/andreastriebel.de\/index.php?rest_route=\/wp\/v2\/types\/post"}],"author":[{"embeddable":true,"href":"https:\/\/andreastriebel.de\/index.php?rest_route=\/wp\/v2\/users\/1"}],"replies":[{"embeddable":true,"href":"https:\/\/andreastriebel.de\/index.php?rest_route=%2Fwp%2Fv2%2Fcomments&post=4687"}],"version-history":[{"count":4,"href":"https:\/\/andreastriebel.de\/index.php?rest_route=\/wp\/v2\/posts\/4687\/revisions"}],"predecessor-version":[{"id":4695,"href":"https:\/\/andreastriebel.de\/index.php?rest_route=\/wp\/v2\/posts\/4687\/revisions\/4695"}],"wp:attachment":[{"href":"https:\/\/andreastriebel.de\/index.php?rest_route=%2Fwp%2Fv2%2Fmedia&parent=4687"}],"wp:term":[{"taxonomy":"category","embeddable":true,"href":"https:\/\/andreastriebel.de\/index.php?rest_route=%2Fwp%2Fv2%2Fcategories&post=4687"},{"taxonomy":"post_tag","embeddable":true,"href":"https:\/\/andreastriebel.de\/index.php?rest_route=%2Fwp%2Fv2%2Ftags&post=4687"}],"curies":[{"name":"wp","href":"https:\/\/api.w.org\/{rel}","templated":true}]}}