{"id":4724,"date":"2024-12-15T08:32:49","date_gmt":"2024-12-15T07:32:49","guid":{"rendered":"https:\/\/andreastriebel.de\/?p=4724"},"modified":"2025-01-04T19:32:30","modified_gmt":"2025-01-04T18:32:30","slug":"bsw-steigbuegelhalter-fuer-die-cdu","status":"publish","type":"post","link":"https:\/\/andreastriebel.de\/?p=4724","title":{"rendered":"BSW, Steigb\u00fcgelhalter f\u00fcr die CDU","gt_translate_keys":[{"key":"rendered","format":"text"}]},"content":{"rendered":"\n<p><em>Jetzt wissen wir, warum Sahra Wagenknecht von den Medien nach vorn geschoben wurde: &nbsp;sie macht einen unschuldigen Eindruck und man glaubt als normaler Zuschauer des Fernsehens, dass sie im Gegensatz zu den \u00fcbrigen Politikern das meint, was sie sagt und dass sie sich wirklich nach der Wahl f\u00fcr die Interessen der einfachen Leute einsetzen w\u00fcrde.<\/em><\/p>\n\n\n\n<p><strong>Aufgrund ihrer Vergangenheit schien es glaubhaft, dass sie das politische R\u00e4nkespiel durchschauen und mit Unterst\u00fctzung von Oskar Lafontaine eine selbstst\u00e4ndige Position einnehmen w\u00fcrde. Tats\u00e4chlich blieb sie in wesentlichen Fragen unbestimmt:<\/strong><\/p>\n\n\n\n<ul class=\"wp-block-list\">\n<li>Das politische System modernisieren, das wollen sie alle, das ist als Forderung viel zu allgemein, um irgendeine Verbindlichkeit zu beanspruchen.<\/li>\n\n\n\n<li>Die Einwanderung reduzieren, ja, aber nur, weil es der \u00fcberw\u00e4ltigende Teil der gesamten Bev\u00f6lkerung w\u00fcnscht. Dass gleichzeitig die sozialen Leistungen verbessert und finanzielle Mittel f\u00fcr die Unterschicht freigemacht werden m\u00fcssten, diese Konsequenz wird nicht hervorgehoben. Das w\u00fcrde das gehobene B\u00fcrgertum verschrecken. So weit will BSW nicht gehen; kokettieren mit Unternehmern und gleichzeitig der Unterschicht Versprechungen machen, das l\u00e4sst sich kaum vereinbaren<\/li>\n\n\n\n<li>Ein Ende der Waffenlieferungen an die Ukraine und Diplomatie fordern, aber gleichzeitig die Propagandaformel vom russischen Angriffskrieg \u00fcbernehmen und mit den Kriegshetzern koalieren, sehr glaubw\u00fcrdig.<\/li>\n\n\n\n<li>Unter der Formel, dass man f\u00fcr Frieden sei und amerikanische Raketen skeptisch sehen w\u00fcrde, aber mit den Waffenlieferanten gemeinsame Sache machen, wie ernst ist das gemeint?<\/li>\n\n\n\n<li>Eine Verbesserung der Renten fordern, aber gleichzeitig mit der Partei koalieren, die eine Rente erst mit 70 Jahren anstrebt?<\/li>\n\n\n\n<li>Die Wohn- Situation gro\u00dfer Teile der Bev\u00f6lkerung beklagen, aber gleichzeitig \u00c4mter und Ministersessel f\u00fcr die Partei erm\u00f6glichen, die mit Sicherheit andere Interessen verfolgt. Und um die eigene gute Polsterung abzusichern, verb\u00fcndet man sich mit Hochstaplern und Betr\u00fcgern, sehr glaubw\u00fcrdig. Nat\u00fcrlich besetzt man das Finanzministerium, so hat Frau Wolf Einfluss auf Geh\u00e4lter, staatliches Sponsoring usw. Schlie\u00dflich wollen auch in Th\u00fcringen die BSW- Mitglieder ihren Anteil an den zu vergebenen Posten und Pfr\u00fcnden haben. Und der Ministerpr\u00e4sident wacht dar\u00fcber, dass die Posten und Freunde gleichm\u00e4\u00dfig bzw. entsprechend der W\u00e4hleranteile verteilt werden. Die Zuwendungen an die Landtagsabgeordneten (ca. &nbsp;f\u00fcnfzehntausend Euro mtl.) reichen nicht, es m\u00fcssen zus\u00e4tzlich noch Ministergeh\u00e4lter in gleicher H\u00f6he sein.<\/li>\n\n\n\n<li>Der \u00d6ffentlichkeit aber wird mitgeteilt, dass man sich geeinigt habe, dass die Smartphone- Benutzung an den Schulen in den unteren Klassen untersagt werde. &nbsp;Das beschlie\u00dft der Landtag aber nur, wenn gleichzeitig Ministergeh\u00e4lter zugeteilt werden.<\/li>\n\n\n\n<li>F\u00fcr den Corona Putsch hat man sich herabgelassen, einen Untersuchungsausschuss zu verlangen. Der faschistische Angriff soll kleingeredet werden; das wird das Ergebnis sein, denn Frau Wolf (Altoberb\u00fcrgermeisterin) und andere T\u00e4ter werden wohl kaum Anklagen gegen sich zulassen.<\/li>\n\n\n\n<li>Wo ist die Verurteilung der Einschlie\u00dfung der gesamten Bev\u00f6lkerung, ihrer Irref\u00fchrung, den todbringenden Spritzen? Auch hier nur laue Stellungnahmen des BSW, bzw. von Wagenknecht. Das ist auch nicht opportun, wenn man bei der CDU unterschl\u00fcpfen will.<\/li>\n<\/ul>\n\n\n\n<p>Die politische Klasse hat, als Sahra Wagenknecht die nationale B\u00fchne betrat und ihre eigene Partei gr\u00fcndete, schnell erkannt, dass mit ihr die Chance des \u201eweiter so\u201c bestehen w\u00fcrde.<\/p>\n\n\n\n<p>Und der gr\u00f6\u00dfte Teil der BSW- W\u00e4hler ist nun bitter entt\u00e4uscht von einer Partei, die vor der Wahl eine oppositionelle Haltung versprach, und nach der Wahl mit der CDU die gleiche katastrophale Politik betreibt, die sie gerade abw\u00e4hlen wollten.<\/p>\n\n\n\n<ul class=\"wp-block-list\">\n<li>Unter der Formel, dass man f\u00fcr Frieden sei und die amerikanischen Raketen skeptisch s\u00e4he, mit den Waffenlieferanten gemeinsame Sache machen, wie ernst ist das?<\/li>\n\n\n\n<li>Eine Verbesserung der Renten fordern, aber gleichzeitig mit der Partei, die f\u00fcr eine Rente erst mit siebzig ist, ins Bett steigen, sehr \u00fcberzeugend.<\/li>\n\n\n\n<li>Die schlechte Wohnsituation gro\u00dfer Teile der Bev\u00f6lkerung beklagen, aber gleichzeitig Amt und Ministersessel der Partei erm\u00f6glichen, die mit Sicherheit andere Interessen f\u00f6rdert, wie soll man das sehen?<\/li>\n<\/ul>\n\n\n\n<p>Die politische Klasse f\u00f6rdert die Auftritte Wagenknechts im Fernsehen, weil sie ein gutes Aush\u00e4ngeschild ist und schlie\u00dflich daf\u00fcr sorgt, dass die alte Gang noch weitermachen kann. Das hat schon mit der FDP oft funktioniert.<\/p>\n\n\n\n<p>Die Schmutzkampagnen, mit denen man den Gegner \u00fcberzieht, \u00fcberl\u00e4sst man dem Geheimdienstchef, der sich in Th\u00fcringen als Nikolaus verkleidet.<\/p>\n\n\n\n<p>&nbsp;<\/p>\n\n\n\n<figure class=\"wp-block-embed is-type-video is-provider-youtube wp-block-embed-youtube wp-embed-aspect-16-9 wp-has-aspect-ratio\"><div class=\"wp-block-embed__wrapper\">\n<iframe loading=\"lazy\" title=\"Was steckt hinter dem Magdeburger Attentat?\" width=\"317\" height=\"178\" src=\"https:\/\/www.youtube.com\/embed\/tXxZ1a4kbtE?feature=oembed\" frameborder=\"0\" allow=\"accelerometer; autoplay; clipboard-write; encrypted-media; gyroscope; picture-in-picture; web-share\" referrerpolicy=\"strict-origin-when-cross-origin\" allowfullscreen><\/iframe>\n<\/div><\/figure>\n\n\n\n<p>Ein schiitischer Dschihadist w\u00fctet gegen &#8222;ungl\u00e4ubige Sunniten&#8220;, t\u00f6tet Deutsche auf dem Weihnachtsmarkt und die ARD will das der  AfD als Anstifterin unterschieben.<\/p>\n\n\n\n<figure class=\"wp-block-embed is-type-wp-embed is-provider-geld-und-mehr wp-block-embed-geld-und-mehr\"><div class=\"wp-block-embed__wrapper\">\n<blockquote class=\"wp-embedded-content\" data-secret=\"wecn80E3rV\"><a href=\"https:\/\/norberthaering.de\/news\/die-anklage-von-magdeburg\/\">Die Anklage von Magdeburg<\/a><\/blockquote><iframe loading=\"lazy\" class=\"wp-embedded-content\" sandbox=\"allow-scripts\" security=\"restricted\" style=\"position: absolute; visibility: hidden;\" title=\"&#8222;Die Anklage von Magdeburg&#8220; &#8212; Geld und mehr\" src=\"https:\/\/norberthaering.de\/news\/die-anklage-von-magdeburg\/embed\/#?secret=qp6xNTogv3#?secret=wecn80E3rV\" data-secret=\"wecn80E3rV\" width=\"317\" height=\"200\" frameborder=\"0\" marginwidth=\"0\" marginheight=\"0\" scrolling=\"no\"><\/iframe>\n<\/div><\/figure>\n\n\n\n<p>Norbert H\u00e4ring, 22.12.2024<\/p>\n","protected":false,"gt_translate_keys":[{"key":"rendered","format":"html"}]},"excerpt":{"rendered":"<p>Jetzt wissen wir, warum Sahra Wagenknecht von den Medien nach vorn geschoben wurde: &nbsp;sie macht einen unschuldigen Eindruck und man glaubt als normaler Zuschauer des Fernsehens, dass sie im Gegensatz&hellip;<\/p>\n","protected":false,"gt_translate_keys":[{"key":"rendered","format":"html"}]},"author":1,"featured_media":0,"comment_status":"open","ping_status":"closed","sticky":false,"template":"","format":"standard","meta":{"footnotes":""},"categories":[11],"tags":[807,176,232,366],"class_list":["post-4724","post","type-post","status-publish","format-standard","hentry","category-politik","tag-bsw","tag-cdu","tag-sahra-wagenknecht","tag-thueringen"],"gt_translate_keys":[{"key":"link","format":"url"}],"_links":{"self":[{"href":"https:\/\/andreastriebel.de\/index.php?rest_route=\/wp\/v2\/posts\/4724","targetHints":{"allow":["GET"]}}],"collection":[{"href":"https:\/\/andreastriebel.de\/index.php?rest_route=\/wp\/v2\/posts"}],"about":[{"href":"https:\/\/andreastriebel.de\/index.php?rest_route=\/wp\/v2\/types\/post"}],"author":[{"embeddable":true,"href":"https:\/\/andreastriebel.de\/index.php?rest_route=\/wp\/v2\/users\/1"}],"replies":[{"embeddable":true,"href":"https:\/\/andreastriebel.de\/index.php?rest_route=%2Fwp%2Fv2%2Fcomments&post=4724"}],"version-history":[{"count":7,"href":"https:\/\/andreastriebel.de\/index.php?rest_route=\/wp\/v2\/posts\/4724\/revisions"}],"predecessor-version":[{"id":4741,"href":"https:\/\/andreastriebel.de\/index.php?rest_route=\/wp\/v2\/posts\/4724\/revisions\/4741"}],"wp:attachment":[{"href":"https:\/\/andreastriebel.de\/index.php?rest_route=%2Fwp%2Fv2%2Fmedia&parent=4724"}],"wp:term":[{"taxonomy":"category","embeddable":true,"href":"https:\/\/andreastriebel.de\/index.php?rest_route=%2Fwp%2Fv2%2Fcategories&post=4724"},{"taxonomy":"post_tag","embeddable":true,"href":"https:\/\/andreastriebel.de\/index.php?rest_route=%2Fwp%2Fv2%2Ftags&post=4724"}],"curies":[{"name":"wp","href":"https:\/\/api.w.org\/{rel}","templated":true}]}}