{"id":479,"date":"2018-06-01T10:37:53","date_gmt":"2018-06-01T10:37:53","guid":{"rendered":"http:\/\/andreastriebel.de\/?p=479"},"modified":"2018-06-01T19:15:58","modified_gmt":"2018-06-01T19:15:58","slug":"israels-terrorregime-und-die-westlichen-medien","status":"publish","type":"post","link":"https:\/\/andreastriebel.de\/?p=479","title":{"rendered":"Israels Terrorregime und die westlichen Medien","gt_translate_keys":[{"key":"rendered","format":"text"}]},"content":{"rendered":"<p>Warum unterst\u00fctzen fast die gesamte politische Klasse einschlie\u00dflich der Gr\u00fcnen und bis zu Teilen der Linken Israels brutale Unterdr\u00fcckung des pal\u00e4stinensischen Volkes? Und ihre medialen Interpreten\u00a0 applaudieren; jeden Bonbenabwurf \u00fcber Pal\u00e4stina verharmlosen die Medien als &#8222;Luftschlag&#8220;. Die \u00fcber f\u00fcnfzig bei den Demonstrationen zum siebzigsten Jahrestag der Staatsgr\u00fcndung erschossenen Demonstranten wurden von der Springerpresse bis zu den b\u00fcrgerlich- liberalen Zeitungen gerade mal erw\u00e4hnt, um dann schnell zur Tagesordnung \u00fcber zu gehen. Gro\u00df berichten die Medien aber, wenn sich Politiker bei ihren Antrittsbesuchen den \u00fcblichen Ritualen unterziehen. Erfreut meldeten die Medien, als der deutsche Au\u00dfenminister sich nicht entbl\u00f6dete, zu erkl\u00e4ren, dass die deutsche und die israelische Regierung die gleichen Ziele h\u00e4tten. Und immer wieder wird die Versicherung der deutschen Bundeskanzlerin zitiert, dass die Unterst\u00fctzung Israels zu deutschen Staatsr\u00e4son geh\u00f6ren w\u00fcrde.<\/p>\n<p>Das kommt gut an in der westlichen Welt, dass der ehemals\u00a0 faschistische Staat nun den demokratischen Musterknaben spielt. Dass aber die Pal\u00e4stinenser den Preis f\u00fcr den europ\u00e4ischen Antisemitismus zahlen m\u00fcssen, wird geflissentlich \u00fcbergangen.<\/p>\n<p>Die S\u00fcddeutsche Zeitung entl\u00e4sst, um ihr Image als b\u00fcrgerlich- liberal zu bewahren,\u00a0 ihren Karikaturisten mit der Begr\u00fcndung, dass er zwar bestimmt kein Antisemit sei, aber Symbole des Naziregimes verwendet habe. weil er den israelischen Chefgangster mit gro\u00dfen Ohren und wulstigen Lippen gezeichnet hatte und so die Chiffren des Naziregimes verwendet habe. So weit geht die unverarbeitete Negativ- Identifikation b\u00fcrgerlicher Kreise mit dem &#8222;St\u00fcrmer&#8220; und der Nazi- Ideologie.<\/p>\n<p>Ohne Kritik f\u00fcrchten zu m\u00fcssen, exportiert die politische Klasse\u00a0 ihren Rassismus, indem sie Israels rassistisches Agieren mit klamm- heimlicher Freude unterst\u00fctzt und die Unterdr\u00fcckung und Dem\u00fctigung Pal\u00e4stinas als einen permanenten, rassistisch fundierten Akt \u00fcbergeht. Tats\u00e4chlich hat aber einer der f\u00fchrenden Ideologen des Zionismus, Jabotinsky, ihn mit mit folgenden Worten begr\u00fcndet:<strong>&#8220; Kulturell sind die Araber f\u00fcnfhundert Jahre hinter uns. Spirituell haben sie nicht die Ausdauer oder auch St\u00e4rke oder den Willen. Sie schauen auf Pal\u00e4stina mit derselben instinktiven Liebe mit der jeder Azteke auf Mexiko und jeder Sioux auf seine Pr\u00e4rie blickte&#8220;.<\/strong><\/p>\n<p>Nach au\u00dfen hin hebt sich die Bundesregierung von dem christlich- zionistischen Fundamentalismus, von dem sich der amerikanische Pr\u00e4sident f\u00f6rdern l\u00e4sst, ab, verf\u00e4hrt aber nach dem gleichen Denkmuster in lediglich angepasster Formulierung. Das ist die s\u00e4kulare Entsprechung zu dem Glauben der amerikanischen Evangelikalen, dass die Besetzung Pal\u00e4stinas durch j\u00fcdische Siedler g\u00f6ttlichem Willen entspreche.<\/p>\n<p>Tats\u00e4chlich aber ist der vordere Orient,\u00a0 nachdem er lange als\u00a0 Verf\u00fcgungsmasse der Europ\u00e4er dienen musste, zu einem Reibungspunkt im Ost- West- Konflikt geworden. Entsprechend dem Denken der amerikanischen Gro\u00dfstrategen sch\u00fctzt Israel die f\u00fcr die Industriegesellschaft wichtigen \u00d6lquellen Saudi- Arabiens und schottet sie vor Russlands Einfluss ab. Und sollte die \u00e4gyptische Armee die nordafrikanische\u00a0 Bev\u00f6lkerung , die ihren Anteil am Reichtum der Bodensch\u00e4tze fordert, bei einem erneuten Aufstand nicht mehr nieder halten k\u00f6nnen, steht die israelische Armee bereit; Deutschland brauchte sich nicht selbst die H\u00e4nde schmutzig zu machen.<\/p>\n<p>&nbsp;<\/p>\n","protected":false,"gt_translate_keys":[{"key":"rendered","format":"html"}]},"excerpt":{"rendered":"<p>Warum unterst\u00fctzen fast die gesamte politische Klasse einschlie\u00dflich der Gr\u00fcnen und bis zu Teilen der Linken Israels brutale Unterdr\u00fcckung des pal\u00e4stinensischen Volkes? Und ihre medialen Interpreten\u00a0 applaudieren; jeden Bonbenabwurf \u00fcber&hellip;<\/p>\n","protected":false,"gt_translate_keys":[{"key":"rendered","format":"html"}]},"author":1,"featured_media":0,"comment_status":"open","ping_status":"open","sticky":false,"template":"","format":"standard","meta":{"footnotes":""},"categories":[11],"tags":[179,17,82,63,206],"class_list":["post-479","post","type-post","status-publish","format-standard","hentry","category-politik","tag-antisemitismus","tag-israel","tag-palaestina","tag-rassismus","tag-zionismus"],"gt_translate_keys":[{"key":"link","format":"url"}],"_links":{"self":[{"href":"https:\/\/andreastriebel.de\/index.php?rest_route=\/wp\/v2\/posts\/479","targetHints":{"allow":["GET"]}}],"collection":[{"href":"https:\/\/andreastriebel.de\/index.php?rest_route=\/wp\/v2\/posts"}],"about":[{"href":"https:\/\/andreastriebel.de\/index.php?rest_route=\/wp\/v2\/types\/post"}],"author":[{"embeddable":true,"href":"https:\/\/andreastriebel.de\/index.php?rest_route=\/wp\/v2\/users\/1"}],"replies":[{"embeddable":true,"href":"https:\/\/andreastriebel.de\/index.php?rest_route=%2Fwp%2Fv2%2Fcomments&post=479"}],"version-history":[{"count":6,"href":"https:\/\/andreastriebel.de\/index.php?rest_route=\/wp\/v2\/posts\/479\/revisions"}],"predecessor-version":[{"id":485,"href":"https:\/\/andreastriebel.de\/index.php?rest_route=\/wp\/v2\/posts\/479\/revisions\/485"}],"wp:attachment":[{"href":"https:\/\/andreastriebel.de\/index.php?rest_route=%2Fwp%2Fv2%2Fmedia&parent=479"}],"wp:term":[{"taxonomy":"category","embeddable":true,"href":"https:\/\/andreastriebel.de\/index.php?rest_route=%2Fwp%2Fv2%2Fcategories&post=479"},{"taxonomy":"post_tag","embeddable":true,"href":"https:\/\/andreastriebel.de\/index.php?rest_route=%2Fwp%2Fv2%2Ftags&post=479"}],"curies":[{"name":"wp","href":"https:\/\/api.w.org\/{rel}","templated":true}]}}