{"id":4806,"date":"2025-02-25T21:19:05","date_gmt":"2025-02-25T20:19:05","guid":{"rendered":"https:\/\/andreastriebel.de\/?p=4806"},"modified":"2025-02-25T21:34:10","modified_gmt":"2025-02-25T20:34:10","slug":"badet-wagenknecht-gern-lau","status":"publish","type":"post","link":"https:\/\/andreastriebel.de\/?p=4806","title":{"rendered":"Badet Wagenknecht gern lau?","gt_translate_keys":[{"key":"rendered","format":"text"}]},"content":{"rendered":"\n<p><em>Als die Demonstrationen \u201egegen Rechts\u201c aufkamen, ist Sahra Wagenknecht eingeknickt<\/em>.<\/p>\n\n\n\n<p>Die amerikanischen Raketen in Deutschland als Thema hatte Trump schon beiseitegeschoben. Und jetzt erschien ein Bremsen der Migration als verwerflich. Eine Ausweisung von illegal Eingewanderten sollte unchristlich sein. Nach jeder Messerattacke erhoben sich Demonstranten \u201egegen Rechts\u201c. Sogar \u201eOmas gegen Rechts\u201c entpuppten sich als eine mit Regierungsgeldern ausgestattete, politische Organisation.<\/p>\n\n\n\n<p>Vor diesen Organisationen und ihren Wirkungen auf die Mainstream Medien wich BSW zur\u00fcck. Zur Migration wurde nur noch halbherzig Stellung genommen. Zu dem Corona- Putsch und dem Impf- Terror wurden sch\u00fcchtern Untersuchungsaussch\u00fcsse gefordert.<\/p>\n\n\n\n<p>Und der Kriegsbegeisterung in der Ukraine zu widersprechen, gelang BSW nicht sehr \u00fcberzeugend, Wenn man dauernd das Mantra vom russischen \u00dcberfall wiederholt, kann man nicht mehr \u00fcberzeugend gegen die Aufr\u00fcstung auftreten.<\/p>\n\n\n\n<p>Eine vern\u00fcnftige Wirtschaftspolitik fordern, aber nicht klar Stellung nehmen zu der Sprengung der Gaspipeline, zum Heizungsgesetz, den Windr\u00e4dern und den Kraftwerken, das passt nicht zusammen. Das BSW war weder Fisch noch Fleisch. Mit dem Desaster in Th\u00fcringen zeichnete sich der Wackelkurs schon ab, eigentlich nur ein Mehrheitsbeschaffer wie die FDP zu sein. Das Werben um die Mittelschicht konnte nicht sehr erfolgreich sein, weil die SPD noch stark ist. Au\u00dferdem ist die AfD als sehr starker Konkurrent aufgetreten. Frau Weidel konnte ihre Position konsequenter und damit auch glaubw\u00fcrdiger vertreten.<\/p>\n\n\n\n<p>Es war nicht mehr klar, f\u00fcr welche Position im gesellschaftlichen Ringen BSW au\u00dfer als Mehrheitsbeschaffer noch notwendig war. Frau Wagenknecht hatte den Rat von O. Lafontaine, sich immer nach den Meinungen der Mehrheit zu richten, zu w\u00f6rtlich genommen. Au\u00dferdem kam hinzu, dass die Trump- Administration den woken Spuk beendete und BSW aufgrund der Befangenheit im alten Rechts. Links- Schema die Chance nicht ergriff, sondern auch \u00fcberrollt wurde.<\/p>\n\n\n\n<p>Diese historische Chance verpasste BSW und muss nun hinterhertrotten; nur von \u201eKettens\u00e4ge- Politik\u201c zu sprechen, reicht bei weitem nicht.<\/p>\n\n\n\n<p>Auf die kommenden gesellschaftlichen Auseinandersetzungen ist BSW ideologisch nicht vorbereitet.<\/p>\n\n\n\n<figure class=\"wp-block-embed is-type-video is-provider-youtube wp-block-embed-youtube wp-embed-aspect-16-9 wp-has-aspect-ratio\"><div class=\"wp-block-embed__wrapper\">\n<iframe loading=\"lazy\" title=\"Chaos-Start mit Friedrich Merz\" width=\"317\" height=\"178\" src=\"https:\/\/www.youtube.com\/embed\/JSWrAZLai3I?feature=oembed\" frameborder=\"0\" allow=\"accelerometer; autoplay; clipboard-write; encrypted-media; gyroscope; picture-in-picture; web-share\" referrerpolicy=\"strict-origin-when-cross-origin\" allowfullscreen><\/iframe>\n<\/div><\/figure>\n","protected":false,"gt_translate_keys":[{"key":"rendered","format":"html"}]},"excerpt":{"rendered":"<p>Als die Demonstrationen \u201egegen Rechts\u201c aufkamen, ist Sahra Wagenknecht eingeknickt. Die amerikanischen Raketen in Deutschland als Thema hatte Trump schon beiseitegeschoben. Und jetzt erschien ein Bremsen der Migration als verwerflich.&hellip;<\/p>\n","protected":false,"gt_translate_keys":[{"key":"rendered","format":"html"}]},"author":1,"featured_media":0,"comment_status":"open","ping_status":"closed","sticky":false,"template":"","format":"standard","meta":{"footnotes":""},"categories":[11],"tags":[16,807,39,800],"class_list":["post-4806","post","type-post","status-publish","format-standard","hentry","category-politik","tag-afd","tag-bsw","tag-trump","tag-wagenknecht"],"gt_translate_keys":[{"key":"link","format":"url"}],"_links":{"self":[{"href":"https:\/\/andreastriebel.de\/index.php?rest_route=\/wp\/v2\/posts\/4806","targetHints":{"allow":["GET"]}}],"collection":[{"href":"https:\/\/andreastriebel.de\/index.php?rest_route=\/wp\/v2\/posts"}],"about":[{"href":"https:\/\/andreastriebel.de\/index.php?rest_route=\/wp\/v2\/types\/post"}],"author":[{"embeddable":true,"href":"https:\/\/andreastriebel.de\/index.php?rest_route=\/wp\/v2\/users\/1"}],"replies":[{"embeddable":true,"href":"https:\/\/andreastriebel.de\/index.php?rest_route=%2Fwp%2Fv2%2Fcomments&post=4806"}],"version-history":[{"count":2,"href":"https:\/\/andreastriebel.de\/index.php?rest_route=\/wp\/v2\/posts\/4806\/revisions"}],"predecessor-version":[{"id":4808,"href":"https:\/\/andreastriebel.de\/index.php?rest_route=\/wp\/v2\/posts\/4806\/revisions\/4808"}],"wp:attachment":[{"href":"https:\/\/andreastriebel.de\/index.php?rest_route=%2Fwp%2Fv2%2Fmedia&parent=4806"}],"wp:term":[{"taxonomy":"category","embeddable":true,"href":"https:\/\/andreastriebel.de\/index.php?rest_route=%2Fwp%2Fv2%2Fcategories&post=4806"},{"taxonomy":"post_tag","embeddable":true,"href":"https:\/\/andreastriebel.de\/index.php?rest_route=%2Fwp%2Fv2%2Ftags&post=4806"}],"curies":[{"name":"wp","href":"https:\/\/api.w.org\/{rel}","templated":true}]}}