{"id":4810,"date":"2025-03-04T15:18:31","date_gmt":"2025-03-04T14:18:31","guid":{"rendered":"https:\/\/andreastriebel.de\/?p=4810"},"modified":"2025-03-05T06:25:02","modified_gmt":"2025-03-05T05:25:02","slug":"wer-wird-es-ausbaden","status":"publish","type":"post","link":"https:\/\/andreastriebel.de\/?p=4810","title":{"rendered":"Wer wird es ausbaden?","gt_translate_keys":[{"key":"rendered","format":"text"}]},"content":{"rendered":"\n<p><strong><em>Bei 800 Milliarden sogenannten Sonderverm\u00f6gen sind sie schon angelangt. Und Frau von der Leyen will 700 Milliarden von der EU verlangen<\/em><\/strong><strong>.<\/strong><\/p>\n\n\n\n<p><strong>Haupts\u00e4chlich soll es um R\u00fcstungsauftr\u00e4ge gehen. Die Tagesschau zeigt wieder rollende Panzer. Die europ\u00e4ischen Politiker sprechen einm\u00fctig von einer Gefahr, die von Russland ausgehen w\u00fcrde. Ihr soll milit\u00e4risch begegnet werden. Wenn jemand den sogenannten Angriffskrieg Russlands infrage stellt, wird er sofort gecancelt. Solche Stellungnahmen von Politikern in der der \u00d6ffentlichkeit sind tabuisiert. Nur der Papst durfte vom \u201eBellen der NATO- Truppen vor den Toren Russlands\u201c sprechen. Deswegen schied er als Friedensvermittler sofort aus. Der englische Premier Starmer tut sich in der Kriegshetze besonders hervor. Er will sogar englische Soldaten in der Ukraine stationieren. F\u00fcr solche \u201eFriedenssoldaten\u201c wird sich Russland bedanken.<\/strong><\/p>\n\n\n\n<p><strong>Es ist wieder wie nach dem Ersten Weltkrieg von \u201eDiktatfrieden\u201c die Rede. Die Dolchsto\u00dflegende lebt wieder auf. Diesmal wird den tapferen Freiheitsk\u00e4mpfern der Dolch von der Macht im Wei\u00dfen Haus in den R\u00fccken gesto\u00dfen. Die Krieger in Westeuropa haben sich v\u00f6llig verrannt. Aber welche Absicht steckt hinter dem Kriegsgeschrei?<\/strong><\/p>\n\n\n\n<p><strong>Die Staatsm\u00e4nner k\u00f6nnen nicht ernsthaft eine weitere milit\u00e4rische Auseinandersetzung mit Russland anstreben.<\/strong><\/p>\n\n\n\n<ul class=\"wp-block-list\">\n<li><strong>Wollen Sie mit ihren Armeen ihre eigenen V\u00f6lker bedrohen<\/strong><\/li>\n\n\n\n<li><strong>wollen Sie mehr Arbeitsleistung aus ihnen herauspressen?<\/strong><\/li>\n\n\n\n<li><strong>Wollen Sie der Schwerindustrie und Aktienbesitzern Profite verschaffen?<\/strong><\/li>\n\n\n\n<li><strong>Wollen Sie vermeiden, dass \u00fcber die wirtschaftliche Sackgasse geredet wird?<\/strong><\/li>\n<\/ul>\n\n\n\n<p><strong>Die Impfopfer wollen sie auf keinen Fall entsch\u00e4digen. Wahrscheinlich planen sie neue Lockdowns, vielleicht einen permanenten.<\/strong><\/p>\n\n\n\n<p><strong>Solche Kaspergestalten wie der Gesundheitsminister oder die sich verplappernde Au\u00dfenministerin lassen die Pl\u00e4ne manchmal offenbar werden.<\/strong> <strong>Und Merz wird der neue Ritter von der traurigen Gestalt, macht mit fester Stimme Zusagen, die er am n\u00e4chsten Tag zur\u00fccknimmt. Und die Versprechen vor der Wahl, sind f\u00fcr ihn getreu Adenauer das Geschw\u00e4tz von gestern, dass ihn nichts mehr angeht.<\/strong><\/p>\n\n\n\n<p><strong>Jetzt werden dreistellige Milliardenbetr\u00e4ge mobilisiert. Demn\u00e4chst werden sie vierstellig. Besonnene \u00d6konomen warnen vor einem Wertverfall des Euro, er hat f\u00fcr die Unterklassen schon eingesetzt.<\/strong><\/p>\n\n\n\n<ul class=\"wp-block-list\">\n<li><strong>Die Heizkosten klettern, ohne dass ein Ende absehbar ist<\/strong><\/li>\n\n\n\n<li><strong>Die Mietkosten steigen kontinuierlich; bezahlbares  Wohnen wird f\u00fcr sie immer schwerer<\/strong><\/li>\n\n\n\n<li><strong>Das Einkommen der Rentner vermindert sich real<\/strong><\/li>\n\n\n\n<li><strong>Die Ausgaben f\u00fcr Nahrungsmittel haben sich in den letzten Jahren in einigen Segmenten fast verdoppelt<\/strong><\/li>\n\n\n\n<li><strong>Die \u00f6ffentlichen Leistungen (Verkehrswegenetz) werden nicht besser, sondern schlechter<\/strong><\/li>\n<\/ul>\n\n\n\n<p><strong>Und schuld an der ganzen Misere sind die Russen oder der \u201emenschengemachte Klimawandel\u201c oder wenn es gerade passt beide;<\/strong><\/p>\n\n\n\n<p><strong>Und wenn es um den Machterhalt geht, werden die V\u00f6lker sogar mit Krieg erpresst. &nbsp;In der Ukraine haben die von der NATO bewaffneten Truppen so lange den Donbass beschossen und bombardiert, bis sich die Bewohner nach den Russen sehnten<\/strong><\/p>\n\n\n\n<p><strong>Wird die wahnwitzige Aufr\u00fcstung den Verfall der \u201ewestlichen Wertegemeinschaft \u201eaufhalten?<\/strong><\/p>\n\n\n\n<figure class=\"wp-block-embed is-type-video is-provider-youtube wp-block-embed-youtube wp-embed-aspect-16-9 wp-has-aspect-ratio\"><div class=\"wp-block-embed__wrapper\">\n<iframe loading=\"lazy\" title=\"Der Streit - eine Analyse\" width=\"317\" height=\"178\" src=\"https:\/\/www.youtube.com\/embed\/oXagCoywrfo?feature=oembed\" frameborder=\"0\" allow=\"accelerometer; autoplay; clipboard-write; encrypted-media; gyroscope; picture-in-picture; web-share\" referrerpolicy=\"strict-origin-when-cross-origin\" allowfullscreen><\/iframe>\n<\/div><\/figure>\n","protected":false,"gt_translate_keys":[{"key":"rendered","format":"html"}]},"excerpt":{"rendered":"<p>Bei 800 Milliarden sogenannten Sonderverm\u00f6gen sind sie schon angelangt. Und Frau von der Leyen will 700 Milliarden von der EU verlangen. Haupts\u00e4chlich soll es um R\u00fcstungsauftr\u00e4ge gehen. Die Tagesschau zeigt&hellip;<\/p>\n","protected":false,"gt_translate_keys":[{"key":"rendered","format":"html"}]},"author":1,"featured_media":0,"comment_status":"open","ping_status":"closed","sticky":false,"template":"","format":"standard","meta":{"footnotes":""},"categories":[11],"tags":[674,677,750,877,875,678,876],"class_list":["post-4810","post","type-post","status-publish","format-standard","hentry","category-politik","tag-merz","tag-nato","tag-russland","tag-sondervermoegen","tag-starmer","tag-ukraine","tag-von-der-leyen"],"gt_translate_keys":[{"key":"link","format":"url"}],"_links":{"self":[{"href":"https:\/\/andreastriebel.de\/index.php?rest_route=\/wp\/v2\/posts\/4810","targetHints":{"allow":["GET"]}}],"collection":[{"href":"https:\/\/andreastriebel.de\/index.php?rest_route=\/wp\/v2\/posts"}],"about":[{"href":"https:\/\/andreastriebel.de\/index.php?rest_route=\/wp\/v2\/types\/post"}],"author":[{"embeddable":true,"href":"https:\/\/andreastriebel.de\/index.php?rest_route=\/wp\/v2\/users\/1"}],"replies":[{"embeddable":true,"href":"https:\/\/andreastriebel.de\/index.php?rest_route=%2Fwp%2Fv2%2Fcomments&post=4810"}],"version-history":[{"count":4,"href":"https:\/\/andreastriebel.de\/index.php?rest_route=\/wp\/v2\/posts\/4810\/revisions"}],"predecessor-version":[{"id":4815,"href":"https:\/\/andreastriebel.de\/index.php?rest_route=\/wp\/v2\/posts\/4810\/revisions\/4815"}],"wp:attachment":[{"href":"https:\/\/andreastriebel.de\/index.php?rest_route=%2Fwp%2Fv2%2Fmedia&parent=4810"}],"wp:term":[{"taxonomy":"category","embeddable":true,"href":"https:\/\/andreastriebel.de\/index.php?rest_route=%2Fwp%2Fv2%2Fcategories&post=4810"},{"taxonomy":"post_tag","embeddable":true,"href":"https:\/\/andreastriebel.de\/index.php?rest_route=%2Fwp%2Fv2%2Ftags&post=4810"}],"curies":[{"name":"wp","href":"https:\/\/api.w.org\/{rel}","templated":true}]}}