{"id":487,"date":"2018-06-16T17:44:00","date_gmt":"2018-06-16T17:44:00","guid":{"rendered":"http:\/\/andreastriebel.de\/?p=487"},"modified":"2018-08-29T13:48:40","modified_gmt":"2018-08-29T13:48:40","slug":"sie-wollen-die-konservative-revolution","status":"publish","type":"post","link":"https:\/\/andreastriebel.de\/?p=487","title":{"rendered":"Sie wollen die konservative Revolution","gt_translate_keys":[{"key":"rendered","format":"text"}]},"content":{"rendered":"<p>Schon lange hadert die CDU mit Merkels sozialdemokratischem Kurs, den sie so bezeichnen kann, weil die sozialdemokratische F\u00fchrung orientierungslos ihre Regierungs\u00e4mter verwaltet, ohne selbst zu wissen, was denn nun sozialdemokratische Ziele sein k\u00f6nnten. Und die einzige charismatische Pers\u00f6nlichkeit, mit der die SPD eine Perpektive h\u00e4tte entwickeln k\u00f6nnen, hat sie durch den Austausch mit Frau Nahles weg geekelt. Stattdessen hat sie eine neoliberale Schlafm\u00fctze im Finanzministerium installiert. So kann endlich die nationalistische und r\u00fcckw\u00e4rtsgewandte Fraktion des CDU- CSU- B\u00fcndnisses ihr Haupt erheben und Forderungen stellen.<\/p>\n<p>Dabei ist die geforderte Zur\u00fcckweisung der Fl\u00fcchtlinge bereits an den Grenzen und sind Kreuze in den Beh\u00f6rden und eine Herdpr\u00e4mie f\u00fcr Frauen nur das Theater nach au\u00dfen; bei den im Hintergrund lauernden Zielvorstellungen geht es um viel mehr. Und die Medien spielen bei diesen Ablenkungsman\u00f6vern mit: Die S\u00fcddeutsche Zeitung blamiert sich mit der These, dass die Krise so hochkochen w\u00fcrde, weil Seehofer etwas gegen Frauen habe. Auch die FAZ will die Zeichen der Zeit nicht deuten.<\/p>\n<p>Die mediale Interpretation mag sich nicht damit befassen, dass die neoliberale Entwicklung der Gesellschaft zur Massenverarmung gef\u00fchrt hat und die politische Klasse muss sich populistisch geb\u00e4rden, um die politische Verwaltung aufrecht zu erhalten. Dem Durchmarsch der Konservativen steht jetzt Frau Merkel und ihre Gruppe entgegen. Sollte sich jedoch Sch\u00e4uble bereit erkl\u00e4ren, gegen Merkel zu kandidieren, w\u00e4re die FDP endlich am Ziel und auf AfD- W\u00e4hler w\u00fcrde man dann sicher nicht verzichten. Und ob die Gr\u00fcnen nicht ihre Seele verkaufen w\u00fcrden, wenn sie das Umweltministerium zugesichert bek\u00e4men, ist nicht ausgemacht; bei einem Gro\u00dfteil ihrer W\u00e4hler w\u00fcrde es jedenfalls nicht schlecht ankommen.<\/p>\n","protected":false,"gt_translate_keys":[{"key":"rendered","format":"html"}]},"excerpt":{"rendered":"<p>Schon lange hadert die CDU mit Merkels sozialdemokratischem Kurs, den sie so bezeichnen kann, weil die sozialdemokratische F\u00fchrung orientierungslos ihre Regierungs\u00e4mter verwaltet, ohne selbst zu wissen, was denn nun sozialdemokratische&hellip;<\/p>\n","protected":false,"gt_translate_keys":[{"key":"rendered","format":"html"}]},"author":1,"featured_media":0,"comment_status":"open","ping_status":"open","sticky":false,"template":"","format":"standard","meta":{"footnotes":""},"categories":[45,11],"tags":[176,143,60,26,80,33,15,207],"class_list":["post-487","post","type-post","status-publish","format-standard","hentry","category-gesellschaft","category-politik","tag-cdu","tag-faz","tag-fdp","tag-merkel","tag-schaeuble","tag-sozialdemokratie","tag-spd","tag-sueddeutsche-zeitung"],"gt_translate_keys":[{"key":"link","format":"url"}],"_links":{"self":[{"href":"https:\/\/andreastriebel.de\/index.php?rest_route=\/wp\/v2\/posts\/487","targetHints":{"allow":["GET"]}}],"collection":[{"href":"https:\/\/andreastriebel.de\/index.php?rest_route=\/wp\/v2\/posts"}],"about":[{"href":"https:\/\/andreastriebel.de\/index.php?rest_route=\/wp\/v2\/types\/post"}],"author":[{"embeddable":true,"href":"https:\/\/andreastriebel.de\/index.php?rest_route=\/wp\/v2\/users\/1"}],"replies":[{"embeddable":true,"href":"https:\/\/andreastriebel.de\/index.php?rest_route=%2Fwp%2Fv2%2Fcomments&post=487"}],"version-history":[{"count":8,"href":"https:\/\/andreastriebel.de\/index.php?rest_route=\/wp\/v2\/posts\/487\/revisions"}],"predecessor-version":[{"id":519,"href":"https:\/\/andreastriebel.de\/index.php?rest_route=\/wp\/v2\/posts\/487\/revisions\/519"}],"wp:attachment":[{"href":"https:\/\/andreastriebel.de\/index.php?rest_route=%2Fwp%2Fv2%2Fmedia&parent=487"}],"wp:term":[{"taxonomy":"category","embeddable":true,"href":"https:\/\/andreastriebel.de\/index.php?rest_route=%2Fwp%2Fv2%2Fcategories&post=487"},{"taxonomy":"post_tag","embeddable":true,"href":"https:\/\/andreastriebel.de\/index.php?rest_route=%2Fwp%2Fv2%2Ftags&post=487"}],"curies":[{"name":"wp","href":"https:\/\/api.w.org\/{rel}","templated":true}]}}