{"id":4930,"date":"2025-07-10T21:18:03","date_gmt":"2025-07-10T19:18:03","guid":{"rendered":"https:\/\/andreastriebel.de\/?p=4930"},"modified":"2025-07-12T17:53:56","modified_gmt":"2025-07-12T15:53:56","slug":"wer-steht-hinter-merz","status":"publish","type":"post","link":"https:\/\/andreastriebel.de\/?p=4930","title":{"rendered":"Wer steht hinter Merz?","gt_translate_keys":[{"key":"rendered","format":"text"}]},"content":{"rendered":"\n<p><strong><em>Ist dieser BlackRock- Agent jetzt die Sprechpuppe der deutschen Milliard\u00e4re?<\/em><\/strong><\/p>\n\n\n\n<p><strong>Oder wird er noch von BlackRock gesponsert. BlackRock vertritt aber alle Industriezweige und w\u00fcrde nicht dulden, dass nur die Schwerindustrie durch die R\u00fcstung gef\u00f6rdert w\u00fcrde. Da bisher noch keine Chemiewaffen hergestellt werden und die Chemieindustrie darbt, ist anzunehmen, dass Merz und seine Clique eher von deutschen Milliard\u00e4rsfamilien gef\u00f6rdert werden.<\/strong><\/p>\n\n\n\n<p><strong>Haben die deutschen Piech- und Porsche- Familien schon Abkommen mit der Regierung &nbsp;f\u00fcr die Umr\u00fcstung ihrer Fabriken auf die Produktion von Panzern, Kanonen und Artillerie? Wer ist der Gro\u00dfaktion\u00e4r von Rheinmetall?<\/strong><\/p>\n\n\n\n<p><strong>Ob die Quandt- Familie und die konkurrierenden Milliard\u00e4rsfamilien ein weiteres Mal in R\u00fcstung investiert haben?<\/strong><\/p>\n\n\n\n<p><strong>Und stehen sie geschlossen hinter der Aufr\u00fcstung?<\/strong><\/p>\n\n\n\n<p><strong>Die wunderbare Geldvermehrung durch die Merz- &nbsp;CDU wird sie jedenfalls nicht negativ treffen, denn die Aktienkurse steigen deutlicher als die Inflationsrate. &nbsp;Bisher sind sie sie mit den Ma\u00dfnahmen der Merz Regierung zufrieden. Das reicht aber noch nicht:<\/strong><\/p>\n\n\n\n<ul class=\"wp-block-list\">\n<li><strong>Die deutschen Rentner haben noch zu viel zu konsumieren. die Verm\u00f6gen der Rentner anzugreifen ist eine schon lange ge\u00fcbte Praxis der Parlamentsparteien. Die verst\u00e4rkte Geldentwertung beschleunigt diese Vorg\u00e4nge.<\/strong><\/li>\n\n\n\n<li><strong>Die Pflegekosten sind ihnen zu hoch. Hier soll deutlich gespart werden. Es sollen Karenzzeiten eingef\u00fchrt werden<\/strong><\/li>\n\n\n\n<li><strong>Der Aufwand f\u00fcr die Krankenkassen erscheint ihnen viel zu hoch. Die sogenannte Krankenhausreform wird ihnen nicht genug deutliche Einsparungen bringen.<\/strong><\/li>\n\n\n\n<li><strong>Der Bezug von Sozialleistungen wie B\u00fcrgergeld soll eingeschr\u00e4nkt werden<\/strong><\/li>\n<\/ul>\n\n\n\n<ul class=\"wp-block-list\">\n<li><strong>F\u00fcr die Pflege von alten und kranken werden Arbeitskr\u00e4fte aus aller Herren L\u00e4nder hereingeholt, um die L\u00f6hne niedrig zu halten. Polen, die T\u00fcrkei und Indonesien wollen ihre Arbeitskr\u00e4fte aber im Land halten und zahlen h\u00f6here L\u00f6hne. Spahn warb schon deswegen in Mexiko, Scholz in Kenia und Usbekistan, aber die L\u00f6hne sind immer noch so hoch, sodass jetzt afghanische Frauen unbegrenzt in Deutschland aufgenommen werden und schnell die Staatsangeh\u00f6rigkeit erhalten.<\/strong><\/li>\n<\/ul>\n\n\n\n<p><strong>Das nennt die Merz CDU \u201eDeutschlands Wettbewerbsf\u00e4higkeit steigern\u201c. &nbsp;Ob die AfD, wenn sie Einfluss erlangt, dieses Spiel mit der Lohndr\u00fcckerei beenden wird? Ohne die Einwanderer w\u00fcrden die L\u00f6hne in den Pflegeberufen und nicht nur dort sofort steigen.<\/strong><\/p>\n\n\n\n<p><strong>Das wollen die deutschen Unternehmensf\u00fchrer und Milliard\u00e4re keinesfalls hinnehmen. Daher sprechen die CDU-Funktion\u00e4re von der Pflegeversicherung als einer Teil- bzw. Vollkasko<\/strong>&#8211; <strong>Versicherung, die man ablehnen m\u00fcsste.<\/strong><\/p>\n\n\n\n<p><strong>Wenn ausreichend Finanzmittel f\u00fcr die Aufr\u00fcstung beschafft werden m\u00fcssen, versch\u00e4rft sich die Tonlage. Die Kreditsumme von 1 Billion \u20ac reicht anscheinend nicht<\/strong><\/p>\n\n\n\n<p><strong>Bis jetzt stehen die deutschen Wirtschaftseliten und Mainstream- Medien noch voll hinter Merz. Aber die ersten Unternehmen verlassen schon Deutschland, weil ihnen hier die Kapitalverwertung nicht aussichtsreich genug erscheint.<\/strong><\/p>\n\n\n\n<p><strong>Was hat Deutschland zu erwarten, wenn die AfD der CDU weiter die Hand ausstreckt?<\/strong><\/p>\n\n\n\n<ul class=\"wp-block-list\">\n<li><strong>Ist die AfD weiter an der Aufr\u00fcstung und Subventionierung der Gro\u00dfindustrie interessiert?<\/strong><\/li>\n<\/ul>\n\n\n\n<ul class=\"wp-block-list\">\n<li><strong>Sorgt sie sich um die sozialen Belange der unteren Schichten? Oder profitiert sie nur von Merz\u2019 Zynismus und dem Versagen der Regierungsparteien?<\/strong><\/li>\n<\/ul>\n\n\n\n<ul class=\"wp-block-list\">\n<li><strong>Erstrebt auch die AfD den Segen der deutschen Milliard\u00e4rsfamilien? W\u00fcrde sie das Abw\u00fcrgen der deutschen Bauern fortf\u00fchren?<\/strong><\/li>\n<\/ul>\n\n\n\n<p><strong>Nur den Crash- Kurs der Merz- Clique und die absurde, woke Agenda ablehnen, \u00fcberzeugt die Mehrheit der deutschen W\u00e4hler noch nicht.<\/strong><\/p>\n\n\n\n<figure class=\"wp-block-embed is-type-video is-provider-youtube wp-block-embed-youtube wp-embed-aspect-16-9 wp-has-aspect-ratio\"><div class=\"wp-block-embed__wrapper\">\n<iframe loading=\"lazy\" title=\"Meine Corona-Anh\u00f6rung im Landtag\" width=\"317\" height=\"178\" src=\"https:\/\/www.youtube.com\/embed\/g9V_o7bYKZE?feature=oembed\" frameborder=\"0\" allow=\"accelerometer; autoplay; clipboard-write; encrypted-media; gyroscope; picture-in-picture; web-share\" referrerpolicy=\"strict-origin-when-cross-origin\" allowfullscreen><\/iframe>\n<\/div><\/figure>\n","protected":false,"gt_translate_keys":[{"key":"rendered","format":"html"}]},"excerpt":{"rendered":"<p>Ist dieser BlackRock- Agent jetzt die Sprechpuppe der deutschen Milliard\u00e4re? Oder wird er noch von BlackRock gesponsert. BlackRock vertritt aber alle Industriezweige und w\u00fcrde nicht dulden, dass nur die Schwerindustrie&hellip;<\/p>\n","protected":false,"gt_translate_keys":[{"key":"rendered","format":"html"}]},"author":1,"featured_media":0,"comment_status":"open","ping_status":"closed","sticky":false,"template":"","format":"standard","meta":{"footnotes":""},"categories":[11],"tags":[16,884,176,674,839],"class_list":["post-4930","post","type-post","status-publish","format-standard","hentry","category-politik","tag-afd","tag-blackrock","tag-cdu","tag-merz","tag-rheinmetall"],"gt_translate_keys":[{"key":"link","format":"url"}],"_links":{"self":[{"href":"https:\/\/andreastriebel.de\/index.php?rest_route=\/wp\/v2\/posts\/4930","targetHints":{"allow":["GET"]}}],"collection":[{"href":"https:\/\/andreastriebel.de\/index.php?rest_route=\/wp\/v2\/posts"}],"about":[{"href":"https:\/\/andreastriebel.de\/index.php?rest_route=\/wp\/v2\/types\/post"}],"author":[{"embeddable":true,"href":"https:\/\/andreastriebel.de\/index.php?rest_route=\/wp\/v2\/users\/1"}],"replies":[{"embeddable":true,"href":"https:\/\/andreastriebel.de\/index.php?rest_route=%2Fwp%2Fv2%2Fcomments&post=4930"}],"version-history":[{"count":2,"href":"https:\/\/andreastriebel.de\/index.php?rest_route=\/wp\/v2\/posts\/4930\/revisions"}],"predecessor-version":[{"id":4932,"href":"https:\/\/andreastriebel.de\/index.php?rest_route=\/wp\/v2\/posts\/4930\/revisions\/4932"}],"wp:attachment":[{"href":"https:\/\/andreastriebel.de\/index.php?rest_route=%2Fwp%2Fv2%2Fmedia&parent=4930"}],"wp:term":[{"taxonomy":"category","embeddable":true,"href":"https:\/\/andreastriebel.de\/index.php?rest_route=%2Fwp%2Fv2%2Fcategories&post=4930"},{"taxonomy":"post_tag","embeddable":true,"href":"https:\/\/andreastriebel.de\/index.php?rest_route=%2Fwp%2Fv2%2Ftags&post=4930"}],"curies":[{"name":"wp","href":"https:\/\/api.w.org\/{rel}","templated":true}]}}