{"id":495,"date":"2018-07-15T14:34:37","date_gmt":"2018-07-15T14:34:37","guid":{"rendered":"http:\/\/andreastriebel.de\/?p=495"},"modified":"2018-08-29T14:03:20","modified_gmt":"2018-08-29T14:03:20","slug":"populisten-und-neoliberale-in-konkurrenz","status":"publish","type":"post","link":"https:\/\/andreastriebel.de\/?p=495","title":{"rendered":"Populisten und Neoliberale in Konkurrenz","gt_translate_keys":[{"key":"rendered","format":"text"}]},"content":{"rendered":"<p>Demokratie und Wohlstand, so lautete das Versprechen unserer Gesellschaftsordnung. Die Teilhabe sollte sich auf alle Gesellschaftsschichten erstrecken. Nach dem Zusammenbruch unseres Gesellschaftsmodells in den beiden Weltkriegen begab sich der Westen unter die amerikanische Hegemonie. Diese basierte auf der Ausbeutung der dritten Welt unterst\u00fctzt vom Treibstoff Erd\u00f6l. Die Konkurrenz mit dem sowjetischen Modell erstickte jede kritische Betrachtung. Nach der Implosion des Sowjetreiches schien das amerikanisch dominierte Madell der kapitalistischen Entwicklung f\u00fcr eine kurze Zeit konkurrenzlos g\u00fcltig zu sein. China und die asiatischen Staaten zeigten aber, dass das kapitalistische Modell auch ohne demokratische Erz\u00e4hlung funktioniert.<\/p>\n<p>Die neue Weltordnung basiert jetzt auf der Konkurrenz der alten mit den neuen Weltm\u00e4chten. Die westliche Intelligenz versucht noch verzweifelt die demokratische Erz\u00e4hlung zu retten, w\u00e4hren die politische Klasse gleichzeitig die milit\u00e4rische Aufr\u00fcstung vorantreibt.<\/p>\n<p>Freiheit, Gleichheit und Br\u00fcderlichkeit sind l\u00e4ngst vergessen, sie sind von der Tagesordnung verschwunden. Sie global zu denken, f\u00e4llt den Protagonisten der westlichen Ideologie nicht ein. Freihandelsideologie und nationalistisches Denken beherrschen die Scene. Das Elend Afrikas wird geradezu als Best\u00e4tigung des eigenen Gesellschaftsmodells genommen. Noch kann das westliche Modell gro\u00dfen Schichten Wohlstand garantieren, mit zunehmender Verengung der wirtschaftlichen M\u00f6glichkeiten und fortschreitender Konzentration des Kapitals in immer weniger H\u00e4nden bzw. anonymen Kapitalgesellschaften, k\u00f6nnen die Erwartungen breiter Schichten nicht mehr erf\u00fcllt werden. Gleichzeitig dringt zunehmend ins Bewu\u00dftsein, dass die Bodensch\u00e4tze der armen L\u00e4nder nicht weiter straflos ausgebeutet werden k\u00f6nnen und dass die Ausnutzung der Arbeitskraft der Bev\u00f6lkerung der armen L\u00e4nder als Konkurrenten auf dem dem hiesigen Arbeitsmarkt unl\u00f6sbare Probleme schafft und die Klassengegens\u00e4tze versch\u00e4rft.<\/p>\n<p>Ein Teil der Bev\u00f6lkerung feiert und der andere arbeitet, dieses Modell l\u00e4sst sich trotz aller Versuche nicht auf die ganze Welt ausdehnen. Die Populisten wollen dieses Modell durch nationale Grenzen retten, die Neoliberalen pl\u00e4dieren f\u00fcr eine schrankenlose Ausdehnung. F\u00fcr einen geschichtlichen Augenblick hat die Auseinandersetzung \u00fcber diese Alternativen die Diskussion \u00fcber den Gegensatz von Sozialismus und Kapitalismus abgel\u00f6st.<\/p>\n","protected":false,"gt_translate_keys":[{"key":"rendered","format":"html"}]},"excerpt":{"rendered":"<p>Demokratie und Wohlstand, so lautete das Versprechen unserer Gesellschaftsordnung. Die Teilhabe sollte sich auf alle Gesellschaftsschichten erstrecken. Nach dem Zusammenbruch unseres Gesellschaftsmodells in den beiden Weltkriegen begab sich der Westen&hellip;<\/p>\n","protected":false,"gt_translate_keys":[{"key":"rendered","format":"html"}]},"author":1,"featured_media":0,"comment_status":"open","ping_status":"open","sticky":false,"template":"","format":"standard","meta":{"footnotes":""},"categories":[45,11,13],"tags":[209,210,208,22,38,51,42],"class_list":["post-495","post","type-post","status-publish","format-standard","hentry","category-gesellschaft","category-politik","category-wirtschaft","tag-arbeitsmarkt","tag-demokratie","tag-freihandel","tag-gesellschaftsordnung","tag-kapitalismus","tag-neoliberalismus","tag-populismus"],"gt_translate_keys":[{"key":"link","format":"url"}],"_links":{"self":[{"href":"https:\/\/andreastriebel.de\/index.php?rest_route=\/wp\/v2\/posts\/495","targetHints":{"allow":["GET"]}}],"collection":[{"href":"https:\/\/andreastriebel.de\/index.php?rest_route=\/wp\/v2\/posts"}],"about":[{"href":"https:\/\/andreastriebel.de\/index.php?rest_route=\/wp\/v2\/types\/post"}],"author":[{"embeddable":true,"href":"https:\/\/andreastriebel.de\/index.php?rest_route=\/wp\/v2\/users\/1"}],"replies":[{"embeddable":true,"href":"https:\/\/andreastriebel.de\/index.php?rest_route=%2Fwp%2Fv2%2Fcomments&post=495"}],"version-history":[{"count":3,"href":"https:\/\/andreastriebel.de\/index.php?rest_route=\/wp\/v2\/posts\/495\/revisions"}],"predecessor-version":[{"id":520,"href":"https:\/\/andreastriebel.de\/index.php?rest_route=\/wp\/v2\/posts\/495\/revisions\/520"}],"wp:attachment":[{"href":"https:\/\/andreastriebel.de\/index.php?rest_route=%2Fwp%2Fv2%2Fmedia&parent=495"}],"wp:term":[{"taxonomy":"category","embeddable":true,"href":"https:\/\/andreastriebel.de\/index.php?rest_route=%2Fwp%2Fv2%2Fcategories&post=495"},{"taxonomy":"post_tag","embeddable":true,"href":"https:\/\/andreastriebel.de\/index.php?rest_route=%2Fwp%2Fv2%2Ftags&post=495"}],"curies":[{"name":"wp","href":"https:\/\/api.w.org\/{rel}","templated":true}]}}