{"id":4959,"date":"2025-09-07T18:29:57","date_gmt":"2025-09-07T16:29:57","guid":{"rendered":"https:\/\/andreastriebel.de\/?p=4959"},"modified":"2025-09-07T18:29:57","modified_gmt":"2025-09-07T16:29:57","slug":"personalwechsel-im-kanzleramt","status":"publish","type":"post","link":"https:\/\/andreastriebel.de\/?p=4959","title":{"rendered":"Personalwechsel im Kanzleramt","gt_translate_keys":[{"key":"rendered","format":"text"}]},"content":{"rendered":"\n<p><em>Was hat er gebracht? Ist die Politik die gleiche geblieben? Regiert Rot- Gr\u00fcn weiter?<\/em><\/p>\n\n\n\n<p>Jedenfalls hat sich substanziell nichts ge\u00e4ndert, au\u00dfer, dass der Kreditspielraum des Staates enorm eingeengt wurde.<\/p>\n\n\n\n<p>Die milliardenschwere Aufr\u00fcstung kostet so viel Finanzmittel, dass f\u00fcr die wichtigen, friedlichen Staatsaufgaben wenig \u00fcbrig bleibt:<\/p>\n\n\n\n<ul class=\"wp-block-list\">\n<li>Die Bundesbahn versinkt immer mehr ins Chaos. Nicht einmal f\u00fcr eine komplette Renovierung reichen die Finanzmittel.<\/li>\n\n\n\n<li>Die Rentenh\u00f6he soll nicht an das Inflationsniveau angepasst werden.<\/li>\n\n\n\n<li>Das Renteneintrittsalter soll hinausgez\u00f6gert bzw. der fr\u00fchzeitige Bezug soll erschwert werden.<\/li>\n\n\n\n<li>Der soziale Wohnungsbau bleibt wie bei der Ampel weit hinter den Versprechungen zur\u00fcck. Gleichzeitig entsteht durch die Einwanderung millionenfacher Neubedarf.<\/li>\n\n\n\n<li>Die Kosten\/ Beitr\u00e4ge f\u00fcr die Kranken- und Arbeitslosenversicherungen steigen best\u00e4ndig. Viele Leistungen, die eigentlich Staatsaufgaben sind, werden den Beitragszahlern der Versicherungen aufgeb\u00fcrdet. Die medikament\u00f6se und medizinische Versorgung der Deutschen und der umliegenden EU- L\u00e4nder ist \u201esozialisiert\u201c worden, d.h. dass die Bewohner der Nachbarl\u00e4nder entsprechend dem EU- Recht regelm\u00e4\u00dfig in Deutschland einreisen, um sich medikament\u00f6s auszustatten.<\/li>\n\n\n\n<li>Die Kosten f\u00fcr die Pflege alter Menschen werden so niedrig gehalten, dass sogar um weibliche Pflegekr\u00e4fte in Afghanistan, Indonesien und Mexiko geworben werden muss.<\/li>\n\n\n\n<li>Die Schwimmb\u00e4der in den Kommunen haben k\u00fcrzere \u00d6ffnungszeiten bzw. werden geschlossen. Der Kurs der Ampel wird auch bei der Schulrenovierung durchgesetzt, Die mageren Zuwendungen durch die Regierung lassen keine andere Wahl.<\/li>\n<\/ul>\n\n\n\n<p>Hat der Personalwechsel im Kanzleramt etwas gebracht? Ja, die R\u00fcstungsindustrie triumphiert und die Kreditw\u00fcrdigkeit Deutschlands sinkt auf die Stufe von Frankreich und Griechenland.<\/p>\n\n\n\n<p>Macron versucht von seiner schwachen Stellung durch Spr\u00fcche klopfen abzulenken und Starmer liegt in den Meinungsumfragen weit hinter Farage, sodass seine Abl\u00f6sung nur noch eine Frage der Zeit zu sein scheint.<\/p>\n\n\n\n<p>Wenn jetzt die AfD Merz \u2018schwache Position durch ein Zusammengehen st\u00e4rkt, ist es mit ihrem H\u00f6henflug vorbei.<\/p>\n\n\n\n<p>Man h\u00f6rt nichts mehr von den R\u00fcstungspl\u00e4nen der AfD. Wenigstens hat sie sich zu Diplomatie und nicht zu einem Feldzug gegen Russland bekannt. Au\u00dferdem will sie wieder russisches Gas beziehen und zu Weltmarktpreisen bezahlen, statt Russland mit den l\u00e4cherlichen Sanktionen zu belegen.<\/p>\n\n\n\n<p>Von Russland mit milit\u00e4rischen Mitteln g\u00fcnstige Erdgaspreise zu erpressen, h\u00e4lt nur Merz\u00b4 engster Kreis f\u00fcr sinnvoll, weil klar ist, dass sich das nur die amerikanische Supermacht mit einem starken Pr\u00e4sidenten leisten kann, aber es k\u00f6nnen nicht drei schw\u00e4chliche, europ\u00e4ische Regierungschefs.<\/p>\n\n\n\n<p>Ob die AfD nicht auch Deutschland am Kapitalmarkt verschuldet, um mit Panzern und Kampfflugzeugen zu protzen, wei\u00df man nicht.&nbsp; Die Parteif\u00fchrung h\u00e4lt sich bedeckt. Hat sie Angst, dass die Staatsmedien sie als Vaterlandsverr\u00e4ter brandmarken, wenn sie die aberwitzige R\u00fcstung stoppen will?<\/p>\n\n\n\n<p>Aber seit der Corona- Krise muss man mit den irrwitzigsten Kampagnen rechnen. Und wir m\u00fcssen wohl alle damit rechnen, dass die Regierung wild um sich schl\u00e4gt, wenn im Herbst die miserable, soziale Lage sch\u00e4rfer hervortritt.<\/p>\n","protected":false,"gt_translate_keys":[{"key":"rendered","format":"html"}]},"excerpt":{"rendered":"<p>Was hat er gebracht? Ist die Politik die gleiche geblieben? Regiert Rot- Gr\u00fcn weiter? Jedenfalls hat sich substanziell nichts ge\u00e4ndert, au\u00dfer, dass der Kreditspielraum des Staates enorm eingeengt wurde. Die&hellip;<\/p>\n","protected":false,"gt_translate_keys":[{"key":"rendered","format":"html"}]},"author":1,"featured_media":0,"comment_status":"open","ping_status":"","sticky":false,"template":"","format":"standard","meta":{"footnotes":""},"categories":[11],"tags":[16,385,605,674,750,875],"class_list":["post-4959","post","type-post","status-publish","format-standard","hentry","category-politik","tag-afd","tag-corona-krise","tag-macron","tag-merz","tag-russland","tag-starmer"],"gt_translate_keys":[{"key":"link","format":"url"}],"_links":{"self":[{"href":"https:\/\/andreastriebel.de\/index.php?rest_route=\/wp\/v2\/posts\/4959","targetHints":{"allow":["GET"]}}],"collection":[{"href":"https:\/\/andreastriebel.de\/index.php?rest_route=\/wp\/v2\/posts"}],"about":[{"href":"https:\/\/andreastriebel.de\/index.php?rest_route=\/wp\/v2\/types\/post"}],"author":[{"embeddable":true,"href":"https:\/\/andreastriebel.de\/index.php?rest_route=\/wp\/v2\/users\/1"}],"replies":[{"embeddable":true,"href":"https:\/\/andreastriebel.de\/index.php?rest_route=%2Fwp%2Fv2%2Fcomments&post=4959"}],"version-history":[{"count":1,"href":"https:\/\/andreastriebel.de\/index.php?rest_route=\/wp\/v2\/posts\/4959\/revisions"}],"predecessor-version":[{"id":4960,"href":"https:\/\/andreastriebel.de\/index.php?rest_route=\/wp\/v2\/posts\/4959\/revisions\/4960"}],"wp:attachment":[{"href":"https:\/\/andreastriebel.de\/index.php?rest_route=%2Fwp%2Fv2%2Fmedia&parent=4959"}],"wp:term":[{"taxonomy":"category","embeddable":true,"href":"https:\/\/andreastriebel.de\/index.php?rest_route=%2Fwp%2Fv2%2Fcategories&post=4959"},{"taxonomy":"post_tag","embeddable":true,"href":"https:\/\/andreastriebel.de\/index.php?rest_route=%2Fwp%2Fv2%2Ftags&post=4959"}],"curies":[{"name":"wp","href":"https:\/\/api.w.org\/{rel}","templated":true}]}}