{"id":4971,"date":"2025-10-04T10:55:17","date_gmt":"2025-10-04T08:55:17","guid":{"rendered":"https:\/\/andreastriebel.de\/?p=4971"},"modified":"2025-10-24T16:36:02","modified_gmt":"2025-10-24T14:36:02","slug":"drohnenfurcht-in-deutschland","status":"publish","type":"post","link":"https:\/\/andreastriebel.de\/?p=4971","title":{"rendered":"Drohnenfurcht in Deutschland","gt_translate_keys":[{"key":"rendered","format":"text"}]},"content":{"rendered":"\n<p><em>Erst das Virus, jetzt die Drohnen.<\/em><\/p>\n\n\n\n<p>Jetzt \u00fcberschlagen sich die Medien wieder, diesmal um eine Drohnenfurcht zu erzeugen. Vor f\u00fcnf Jahren begann die Kampagne gegen ein angeblich h\u00f6chst gef\u00e4hrliches Virus. &nbsp;Elementare Freiheiten wurden unterdr\u00fcckt, eine Massenpsychose wurde erzeugt<\/p>\n\n\n\n<p>Diese Kampagne war so erfolgreich, dass jetzt die politische Klasse und ihre Medien es noch einmal versuchen.<\/p>\n\n\n\n<p>&nbsp;Im Windschatten der Drohnenkampagne werden soziale K\u00fcrzungen durchgedr\u00fcckt. Gewerkschaften und Sozialverb\u00e4nde sind zum Stillhalten verpflichtet. Nicht einmal die routinem\u00e4\u00dfigen Proteste gelangen an die \u00d6ffentlichkeit.<\/p>\n\n\n\n<p>Wie \u00fcblich f\u00e4ngt die Regierung bei den \u00c4rmsten und Bed\u00fcrftigsten an. Der Pflegegrad eins soll abgeschafft oder die Zuerkennung soll versch\u00e4rft werden. Nahles, die ehemalige SPD-Vorsitzende, zeigt sich dankbar f\u00fcr ihren Versorgungsposten und schl\u00e4gt K\u00fcrzungen bei Wohn- und B\u00fcrgergeld vor. So sollen Aufwendungen in H\u00f6he von 3 Milliarden \u20ac entfallen.<\/p>\n\n\n\n<p>Das wird aber alles f\u00fcr die gigantischen Kosten der Aufr\u00fcstung nicht reichen. Daher m\u00fcssen die Renten angegriffen werden. Durch Unterlassung der Anpassung der Rentenh\u00f6he an das Inflationsniveau werden zus\u00e4tzliche Mittel frei.<\/p>\n\n\n\n<p>Zweiundsiebzig Kasernen und 100.000 Wehrpflichtige werden aber noch sehr viel mehr kosten und das Lebensniveau der Unterschichten und gro\u00dfer Teile der Mittelschicht senken.<\/p>\n\n\n\n<p>Um die Unruhe und die Unzufriedenheit zur\u00fcckzudr\u00e4ngen, &nbsp;empfiehlt CDU-Mann Kiesewetter die Ausrufung der Spannungsfalls, &nbsp;in dem die Regierung die Macht &nbsp;hat, jedweden Protest zu unterdr\u00fccken. Und Merz f\u00e4llt die Rolle zu von Einheit &nbsp;zu salbadern. Und S\u00f6der will nat\u00fcrlich an dem Hype teilnehmen und spricht vom Abschuss von Drohnen, dieser Mann ist kein Fall f\u00fcr den Psychiater, sondern er entwirft dieses Szenarium kalkuliert, d. h. wenn der Wind sich dreht, s\u00e4uselt er pl\u00f6tzlich Friedensschalmeien.<\/p>\n\n\n\n<p>Das BSW ist bisher die einzige Opposition w\u00e4hrend die AfD &nbsp;schweigt, obwohl sich viele Hoffnungen auf sie richten, dass sie sich dem Kriegstaumel entgegenstellt<\/p>\n\n\n\n<p>Solange Unter- und Mittelschicht sich nicht emp\u00f6ren, geht die politische Klasse weiter offensiv gegen soziale Errungenschaften vor. Ob sich bei weiterer Zuspitzung die AfD ins Boot holen l\u00e4sst?<\/p>\n\n\n\n<figure class=\"wp-block-embed is-type-wp-embed is-provider-punkt-preradovic wp-block-embed-punkt-preradovic wp-embed-aspect-16-9 wp-has-aspect-ratio\"><div class=\"wp-block-embed__wrapper\">\n<blockquote class=\"wp-embedded-content\" data-secret=\"sRsP4F93DG\"><a href=\"https:\/\/punkt-preradovic.com\/parteienkartell-plant-demokratie-ende-mit-patrik-baab\/\">\u201eParteienkartell plant Demokratie-Ende\u201c &#8211; mit Patrik Baab<\/a><\/blockquote><iframe loading=\"lazy\" class=\"wp-embedded-content\" sandbox=\"allow-scripts\" security=\"restricted\" style=\"position: absolute; visibility: hidden;\" title=\"&#8222;\u201eParteienkartell plant Demokratie-Ende\u201c &#8211; mit Patrik Baab&#8220; &#8212; PUNKT.PRERADOVIC\" src=\"https:\/\/punkt-preradovic.com\/parteienkartell-plant-demokratie-ende-mit-patrik-baab\/embed\/#?secret=mI71fbad4X#?secret=sRsP4F93DG\" data-secret=\"sRsP4F93DG\" width=\"317\" height=\"200\" frameborder=\"0\" marginwidth=\"0\" marginheight=\"0\" scrolling=\"no\"><\/iframe>\n<\/div><\/figure>\n","protected":false,"gt_translate_keys":[{"key":"rendered","format":"html"}]},"excerpt":{"rendered":"<p>Erst das Virus, jetzt die Drohnen. Jetzt \u00fcberschlagen sich die Medien wieder, diesmal um eine Drohnenfurcht zu erzeugen. Vor f\u00fcnf Jahren begann die Kampagne gegen ein angeblich h\u00f6chst gef\u00e4hrliches Virus.&hellip;<\/p>\n","protected":false,"gt_translate_keys":[{"key":"rendered","format":"html"}]},"author":1,"featured_media":0,"comment_status":"open","ping_status":"closed","sticky":false,"template":"","format":"standard","meta":{"footnotes":""},"categories":[11],"tags":[16,807,176,904,821,674,15],"class_list":["post-4971","post","type-post","status-publish","format-standard","hentry","category-politik","tag-afd","tag-bsw","tag-cdu","tag-drohnen","tag-kiesewettwe","tag-merz","tag-spd"],"gt_translate_keys":[{"key":"link","format":"url"}],"_links":{"self":[{"href":"https:\/\/andreastriebel.de\/index.php?rest_route=\/wp\/v2\/posts\/4971","targetHints":{"allow":["GET"]}}],"collection":[{"href":"https:\/\/andreastriebel.de\/index.php?rest_route=\/wp\/v2\/posts"}],"about":[{"href":"https:\/\/andreastriebel.de\/index.php?rest_route=\/wp\/v2\/types\/post"}],"author":[{"embeddable":true,"href":"https:\/\/andreastriebel.de\/index.php?rest_route=\/wp\/v2\/users\/1"}],"replies":[{"embeddable":true,"href":"https:\/\/andreastriebel.de\/index.php?rest_route=%2Fwp%2Fv2%2Fcomments&post=4971"}],"version-history":[{"count":4,"href":"https:\/\/andreastriebel.de\/index.php?rest_route=\/wp\/v2\/posts\/4971\/revisions"}],"predecessor-version":[{"id":4989,"href":"https:\/\/andreastriebel.de\/index.php?rest_route=\/wp\/v2\/posts\/4971\/revisions\/4989"}],"wp:attachment":[{"href":"https:\/\/andreastriebel.de\/index.php?rest_route=%2Fwp%2Fv2%2Fmedia&parent=4971"}],"wp:term":[{"taxonomy":"category","embeddable":true,"href":"https:\/\/andreastriebel.de\/index.php?rest_route=%2Fwp%2Fv2%2Fcategories&post=4971"},{"taxonomy":"post_tag","embeddable":true,"href":"https:\/\/andreastriebel.de\/index.php?rest_route=%2Fwp%2Fv2%2Ftags&post=4971"}],"curies":[{"name":"wp","href":"https:\/\/api.w.org\/{rel}","templated":true}]}}