{"id":4976,"date":"2025-10-10T18:35:17","date_gmt":"2025-10-10T16:35:17","guid":{"rendered":"https:\/\/andreastriebel.de\/?p=4976"},"modified":"2025-10-11T16:17:26","modified_gmt":"2025-10-11T14:17:26","slug":"kiesewetter-dienstpflicht-fuer-alle","status":"publish","type":"post","link":"https:\/\/andreastriebel.de\/?p=4976","title":{"rendered":"Kiesewetter: Dienstpflicht f\u00fcr alle","gt_translate_keys":[{"key":"rendered","format":"text"}]},"content":{"rendered":"\n<p><em>Diese Forderung erhebt der CDU-Mann Kiesewetter.<\/em><\/p>\n\n\n\n<p>Wehrpflicht und Dienstpflicht f\u00fcr alle sollen mit der Ausrufung des Spannungsfalls durchgesetzt werden. In diesem sind formal die Grundrechte aufgehoben;<\/p>\n\n\n\n<p>Um die Bev\u00f6lkerung in Angst und Spannung zu versetzen und eine Begr\u00fcndung zu haben, treiben sie die Militarisierung voran und reden von Drohnen \u00fcber dem M\u00fcnchner Flughafen usw. Diese soll Putin geschickt haben. Dabei haben die Ufos, die in Deutschland gesichtet werden, sicher einen h\u00f6heren Wahrheitsgehalt als russische Drohnen \u00fcber Deutschland. Kiesewetter darf aber auf dem evangelischen Kirchentag seine Kriegspropaganda verbreiten. Wie sehr sind die Staatskirchen schon korrumpiert? Aber das war unter der Naziherrschaft nicht anders.<\/p>\n\n\n\n<p>Und diese Methode hat auch schon bei dem Coronavirus gewirkt. Die Medien- und Justizgewalt sind voll auf Regierungskurs. Die Regierungsparteien wollen es diesmal besser machen als die Nazis, die noch sehr viele Konzentrationslager brauchten, um jeden Widerstand niederzuschlagen. St\u00e4ndig wird russische Angriffslust beschworen. Nur ist die Bev\u00f6lkerung noch nicht bereit zum \u201eZur\u00fcckschie\u00dfen\u201c. Die Menschen m\u00f6chten lieber Handel mit Russland und w\u00fcrden dort gern russisches Gas kaufen. Aber die politische Klasse macht ihr \u00dcberleben vom Krieg in der Ukraine abh\u00e4ngig. Das scheint gar nicht so falsch zu sein, denn die st\u00e4ndige Kriegspropaganda von Kiesewetter, Merz und Co. und die immense Aufr\u00fcstung verschlingen so viele Milliarden und vertreiben die n\u00fctzliche Industrie. &nbsp;sodass das Desaster absehbar ist.<\/p>\n\n\n\n<p>Eine neue Regierung wird nichts mehr an Substanz haben, weil Deutschlands Reichtum in Panzern, Granaten und in der Ukraine steckt. Ein Neubeginn wie 1945 ist dann erforderlich. Ob die Politikergeneration, die uns in die Katastrophe f\u00fchrt, auch mit gro\u00dfer Schonung rechnet, wie sie die Nazipolitiker in den f\u00fcnfziger Jahren erfahren haben.<\/p>\n\n\n\n<p>Die Porsche-Familie ist mit der Anbiederung an die Nazis gut gefahren und profitiert jetzt wieder von dem Aufr\u00fcstung. Und die gro\u00dfen Kapitalsammelstellen erleben Kursanstiege ihrer Aktien. Und kommt es zu einem W\u00e4hrungsschnitt, weil Panzer und Granaten keinen Wohlstand schaffen, sondern nur Kapital vernichten, sind Kapitalbesitzer wieder die Gewinner wie nach dem Zweiten Weltkrieg<\/p>\n\n\n\n<p>Aber gegen Russland kommt keine Achse zustande, weil Frankreich in die Handlungsunf\u00e4higkeit taumelt und in England die Klassengegens\u00e4tze die politische Klasse so sehr besch\u00e4ftigen, dass dieses Land kaum eine Kriegsteilnahme gegen Russland stemmen kann. bleibt nur die Merz- CDU mit ihrem SPD- Juniorpartner, die dauernd neue Kriegskredite auflegt, aber allein und mit deutschen Soldaten in der Ukraine sicher nichts ausrichten kann (wenn der russische B\u00e4r einmal mit seiner atomaren Tatze zuschl\u00e4gt, ist von der Bundeswehr nicht mehr viel \u00fcbrig)<\/p>\n\n\n\n<p>Ob Kiesewetter, Merz, Pistorius und Co einmal vor ein N\u00fcrnberger Tribunal gestellt werden?<\/p>\n\n\n\n<figure class=\"wp-block-image size-full\"><img loading=\"lazy\" decoding=\"async\" width=\"721\" height=\"745\" src=\"https:\/\/andreastriebel.de\/wp-content\/uploads\/2025\/10\/grafik.png\" alt=\"\" class=\"wp-image-4978\" srcset=\"https:\/\/andreastriebel.de\/wp-content\/uploads\/2025\/10\/grafik.png 721w, https:\/\/andreastriebel.de\/wp-content\/uploads\/2025\/10\/grafik-290x300.png 290w\" sizes=\"auto, (max-width: 721px) 100vw, 721px\" \/><\/figure>\n\n\n\n<p><a href=\"https:\/\/paulbrandenburg.com\/videos\/europas-eliten-wollen-krieg-patrik-baab\">https:\/\/paulbrandenburg.com\/videos\/europas-eliten-wollen-krieg-patrik-baab<\/a><\/p>\n","protected":false,"gt_translate_keys":[{"key":"rendered","format":"html"}]},"excerpt":{"rendered":"<p>Diese Forderung erhebt der CDU-Mann Kiesewetter. Wehrpflicht und Dienstpflicht f\u00fcr alle sollen mit der Ausrufung des Spannungsfalls durchgesetzt werden. In diesem sind formal die Grundrechte aufgehoben; Um die Bev\u00f6lkerung in&hellip;<\/p>\n","protected":false,"gt_translate_keys":[{"key":"rendered","format":"html"}]},"author":1,"featured_media":0,"comment_status":"open","ping_status":"closed","sticky":false,"template":"","format":"standard","meta":{"footnotes":""},"categories":[11],"tags":[176,821,674,901,750,15],"class_list":["post-4976","post","type-post","status-publish","format-standard","hentry","category-politik","tag-cdu","tag-kiesewettwe","tag-merz","tag-pistorius","tag-russland","tag-spd"],"gt_translate_keys":[{"key":"link","format":"url"}],"_links":{"self":[{"href":"https:\/\/andreastriebel.de\/index.php?rest_route=\/wp\/v2\/posts\/4976","targetHints":{"allow":["GET"]}}],"collection":[{"href":"https:\/\/andreastriebel.de\/index.php?rest_route=\/wp\/v2\/posts"}],"about":[{"href":"https:\/\/andreastriebel.de\/index.php?rest_route=\/wp\/v2\/types\/post"}],"author":[{"embeddable":true,"href":"https:\/\/andreastriebel.de\/index.php?rest_route=\/wp\/v2\/users\/1"}],"replies":[{"embeddable":true,"href":"https:\/\/andreastriebel.de\/index.php?rest_route=%2Fwp%2Fv2%2Fcomments&post=4976"}],"version-history":[{"count":5,"href":"https:\/\/andreastriebel.de\/index.php?rest_route=\/wp\/v2\/posts\/4976\/revisions"}],"predecessor-version":[{"id":4983,"href":"https:\/\/andreastriebel.de\/index.php?rest_route=\/wp\/v2\/posts\/4976\/revisions\/4983"}],"wp:attachment":[{"href":"https:\/\/andreastriebel.de\/index.php?rest_route=%2Fwp%2Fv2%2Fmedia&parent=4976"}],"wp:term":[{"taxonomy":"category","embeddable":true,"href":"https:\/\/andreastriebel.de\/index.php?rest_route=%2Fwp%2Fv2%2Fcategories&post=4976"},{"taxonomy":"post_tag","embeddable":true,"href":"https:\/\/andreastriebel.de\/index.php?rest_route=%2Fwp%2Fv2%2Ftags&post=4976"}],"curies":[{"name":"wp","href":"https:\/\/api.w.org\/{rel}","templated":true}]}}