{"id":499,"date":"2018-07-18T09:51:04","date_gmt":"2018-07-18T09:51:04","guid":{"rendered":"http:\/\/andreastriebel.de\/?p=499"},"modified":"2018-07-22T17:04:45","modified_gmt":"2018-07-22T17:04:45","slug":"die-wurzeln-des-konservativismus-sind-reaktionaer","status":"publish","type":"post","link":"https:\/\/andreastriebel.de\/?p=499","title":{"rendered":"Die Wurzeln des Konservativismus sind reaktion\u00e4r","gt_translate_keys":[{"key":"rendered","format":"text"}]},"content":{"rendered":"<p>Konservativ sein hei\u00dft, die alte Ordnung zu bewahren. Die Gesellschaft muss in ein Oben und ein Unten gegliedert sein, eine Schicht gibt die Anordnungen, eine andere muss sie ausf\u00fchren. Das wird als die nat\u00fcrliche Ordnung angesehen. Es wird als individueller Verdienst betrachtet, eine herausgehobene Stellung einzunehmen. Die damit verbundenen Privilegien werden als selbstverst\u00e4ndlich wahrgenommen. . Zur Rechtfertigung wird in unserer Zeit nicht mehr auf den Rassenbegriff zur\u00fcck gegriffen, jetzt schiebt man\u00a0 Darwin mit seinem &#8222;survival of the fittest&#8220; vor; und die\u00a0 Begriffswelt der Genetik bietet hervorragende scheinwissenschaftliche Begr\u00fcndungen. Es hei\u00dft jetzt, dass die Speicherung bestimmter Eigenschaften in den Genen zu \u00fcberlegenen Menschentypen gef\u00fchrt h\u00e4tte: Menschen wei\u00dfer Hautfarbe h\u00e4tten einen Vorsprung gegen\u00fcber Menschen mit schwarzer Hautfarbe und M\u00e4nner seien gegen\u00fcber Frauen\u00a0 f\u00fcr viele Aufgaben pr\u00e4destiniert. Durch dieses Denken ist es bis zur Herdpr\u00e4mie nicht mehr weit.<\/p>\n<p>Intelligenz und soziale F\u00e4higkeiten sind nach dieser Ideologie beim Homo erektus nicht gleichm\u00e4\u00dfig verteilt, sondern konzentrieren sich bei den Wei\u00dfen, bei den M\u00e4nnern in den westlichen Kulturen. Das berechtigt demnach zur Durchsetzung mit Feuer und Schwert. Menschenrechte k\u00f6nnen dann nur im Rahmen einer Nation oder einer Ethnie gew\u00e4hrt werden und klassische b\u00fcrgerliche Freiheiten werden nur in beschr\u00e4nktem Rahmen b\u00fcrgerlichen Schichten zugestanden, sobald sie global gedacht werden, gef\u00e4hrden sie das hierarchische, gesellschaftliche Gef\u00e4lle. Die tendenziell fortschrittliche christliche Lehre, &#8222;vor Gott sind alle Menschen gleich&#8220;, ist dann eher hinderlich.<\/p>\n<p>Die modernen Populisten denken nie global, es sei denn, dass sie die Weltherrschaft anstreben.<\/p>\n","protected":false,"gt_translate_keys":[{"key":"rendered","format":"html"}]},"excerpt":{"rendered":"<p>Konservativ sein hei\u00dft, die alte Ordnung zu bewahren. Die Gesellschaft muss in ein Oben und ein Unten gegliedert sein, eine Schicht gibt die Anordnungen, eine andere muss sie ausf\u00fchren. Das&hellip;<\/p>\n","protected":false,"gt_translate_keys":[{"key":"rendered","format":"html"}]},"author":1,"featured_media":0,"comment_status":"open","ping_status":"open","sticky":false,"template":"","format":"standard","meta":{"footnotes":""},"categories":[45],"tags":[212,214,215,211,216,42,213,63],"class_list":["post-499","post","type-post","status-publish","format-standard","hentry","category-gesellschaft","tag-darwin","tag-genetik","tag-intelligenz","tag-konservativismus","tag-menschenrechte","tag-populismus","tag-rasse","tag-rassismus"],"gt_translate_keys":[{"key":"link","format":"url"}],"_links":{"self":[{"href":"https:\/\/andreastriebel.de\/index.php?rest_route=\/wp\/v2\/posts\/499","targetHints":{"allow":["GET"]}}],"collection":[{"href":"https:\/\/andreastriebel.de\/index.php?rest_route=\/wp\/v2\/posts"}],"about":[{"href":"https:\/\/andreastriebel.de\/index.php?rest_route=\/wp\/v2\/types\/post"}],"author":[{"embeddable":true,"href":"https:\/\/andreastriebel.de\/index.php?rest_route=\/wp\/v2\/users\/1"}],"replies":[{"embeddable":true,"href":"https:\/\/andreastriebel.de\/index.php?rest_route=%2Fwp%2Fv2%2Fcomments&post=499"}],"version-history":[{"count":3,"href":"https:\/\/andreastriebel.de\/index.php?rest_route=\/wp\/v2\/posts\/499\/revisions"}],"predecessor-version":[{"id":504,"href":"https:\/\/andreastriebel.de\/index.php?rest_route=\/wp\/v2\/posts\/499\/revisions\/504"}],"wp:attachment":[{"href":"https:\/\/andreastriebel.de\/index.php?rest_route=%2Fwp%2Fv2%2Fmedia&parent=499"}],"wp:term":[{"taxonomy":"category","embeddable":true,"href":"https:\/\/andreastriebel.de\/index.php?rest_route=%2Fwp%2Fv2%2Fcategories&post=499"},{"taxonomy":"post_tag","embeddable":true,"href":"https:\/\/andreastriebel.de\/index.php?rest_route=%2Fwp%2Fv2%2Ftags&post=499"}],"curies":[{"name":"wp","href":"https:\/\/api.w.org\/{rel}","templated":true}]}}