{"id":510,"date":"2018-08-11T13:06:04","date_gmt":"2018-08-11T13:06:04","guid":{"rendered":"http:\/\/andreastriebel.de\/?p=510"},"modified":"2018-08-11T17:36:09","modified_gmt":"2018-08-11T17:36:09","slug":"der-rassismus-der-deutschen-politischen-klasse","status":"publish","type":"post","link":"https:\/\/andreastriebel.de\/?p=510","title":{"rendered":"Der Rassismus der deutschen, politischen Klasse","gt_translate_keys":[{"key":"rendered","format":"text"}]},"content":{"rendered":"<p>Erfolgreich hat die politische Klasse nach dem Krieg ihren Antisemitismus als spezifische Auspr\u00e4gung des Rassismus unterdr\u00fcckt und dennoch kommt der Rassismus zum Ausdruck, jetzt gegen\u00fcber den Arabern insbesondere den Pal\u00e4stinensern; diese Verschiebung wird durch die Unterst\u00fctzung des faschistischen, israelischen Regierungshandelns verdeckt. Nicht ohne Grund waren nach dem Krieg die eifrigsten Unterst\u00fctzer Israels in rechten Kreisen zu finden, die schon die Nazis unterst\u00fctzt hatten: Globke, Filbinger, Kiesinger, &#8222;hessische Verm\u00e4chtnisse&#8220;. Und die Medien, allen voran die Springer- Presse, wiederholten unabl\u00e4ssig die Behauptung, dass die Unterst\u00fctzung Israels zum Gr\u00fcndungsmythos der BRD geh\u00f6ren w\u00fcrde, erhoben sie zu einem Dogma mit Verfassungsrang. Und Frau Merkel redete es gelehrig nach.<\/p>\n<p>Auch das neoliberale Narrativ der politischen Klasse der BRD kommt ohne das Bekenntnis zum gegenw\u00e4rtigen, israelischen Staat nicht aus. Der dem Neoliberalismus inh\u00e4rente Rassismus kann so elegant verdeckt werden. Dass die regionale Gro\u00dfmacht Israel unabl\u00e4ssig Mord, Totschlag und Unterdr\u00fcckung an den Pal\u00e4stinensern ver\u00fcbt, wird geflissentlich verharmlost.<\/p>\n<p>Die ideologische Gleichschaltung umfasst nicht nur den medialen Mainstream: Jetzt wurde auch noch die k\u00fcnstlerische Leitung der Triennale unter Druck gesetzt, mit dem Ziel, eine schottische Band auszuladen. Diese unterst\u00fctzt den BDS, eine internationale, politische Bewegung zur Unterst\u00fctzung der Rechte der Pal\u00e4stinenser. Und nat\u00fcrlich tut sich\u00a0 CDU- Ministerpr\u00e4sident Laschet mit der \u00e4u\u00dferst bedauerlichen Absage , an der Er\u00f6ffnung der Festspiele teilzunehmen, hervor.<\/p>\n<p>Es dr\u00e4ngt sich der Eindruck auf, dass die Besch\u00e4ftigung der politischen Klasse und der Medien mit den Kriegen im Nahen Osten und der Ost- West- Auseinandersetzung von den Klassengegens\u00e4tzen im eigenen Land ablenken soll.<\/p>\n<p>&nbsp;<\/p>\n","protected":false,"gt_translate_keys":[{"key":"rendered","format":"html"}]},"excerpt":{"rendered":"<p>Erfolgreich hat die politische Klasse nach dem Krieg ihren Antisemitismus als spezifische Auspr\u00e4gung des Rassismus unterdr\u00fcckt und dennoch kommt der Rassismus zum Ausdruck, jetzt gegen\u00fcber den Arabern insbesondere den Pal\u00e4stinensern;&hellip;<\/p>\n","protected":false,"gt_translate_keys":[{"key":"rendered","format":"html"}]},"author":1,"featured_media":0,"comment_status":"open","ping_status":"open","sticky":false,"template":"","format":"standard","meta":{"footnotes":""},"categories":[45,11],"tags":[179,220,223,176,17,222,51,219,63,221],"class_list":["post-510","post","type-post","status-publish","format-standard","hentry","category-gesellschaft","category-politik","tag-antisemitismus","tag-araber","tag-bds","tag-cdu","tag-israel","tag-laschet","tag-neoliberalismus","tag-palaestinenser","tag-rassismus","tag-triennale"],"gt_translate_keys":[{"key":"link","format":"url"}],"_links":{"self":[{"href":"https:\/\/andreastriebel.de\/index.php?rest_route=\/wp\/v2\/posts\/510","targetHints":{"allow":["GET"]}}],"collection":[{"href":"https:\/\/andreastriebel.de\/index.php?rest_route=\/wp\/v2\/posts"}],"about":[{"href":"https:\/\/andreastriebel.de\/index.php?rest_route=\/wp\/v2\/types\/post"}],"author":[{"embeddable":true,"href":"https:\/\/andreastriebel.de\/index.php?rest_route=\/wp\/v2\/users\/1"}],"replies":[{"embeddable":true,"href":"https:\/\/andreastriebel.de\/index.php?rest_route=%2Fwp%2Fv2%2Fcomments&post=510"}],"version-history":[{"count":3,"href":"https:\/\/andreastriebel.de\/index.php?rest_route=\/wp\/v2\/posts\/510\/revisions"}],"predecessor-version":[{"id":513,"href":"https:\/\/andreastriebel.de\/index.php?rest_route=\/wp\/v2\/posts\/510\/revisions\/513"}],"wp:attachment":[{"href":"https:\/\/andreastriebel.de\/index.php?rest_route=%2Fwp%2Fv2%2Fmedia&parent=510"}],"wp:term":[{"taxonomy":"category","embeddable":true,"href":"https:\/\/andreastriebel.de\/index.php?rest_route=%2Fwp%2Fv2%2Fcategories&post=510"},{"taxonomy":"post_tag","embeddable":true,"href":"https:\/\/andreastriebel.de\/index.php?rest_route=%2Fwp%2Fv2%2Ftags&post=510"}],"curies":[{"name":"wp","href":"https:\/\/api.w.org\/{rel}","templated":true}]}}