{"id":522,"date":"2018-09-05T13:50:38","date_gmt":"2018-09-05T13:50:38","guid":{"rendered":"http:\/\/andreastriebel.de\/?p=522"},"modified":"2018-09-24T10:32:16","modified_gmt":"2018-09-24T08:32:16","slug":"thilo-sarrazin-vordenker-der-neuen-rechten","status":"publish","type":"post","link":"https:\/\/andreastriebel.de\/?p=522","title":{"rendered":"Thilo Sarrazin, Vordenker der Neuen Rechten","gt_translate_keys":[{"key":"rendered","format":"text"}]},"content":{"rendered":"<p>Sarrazin verkn\u00fcpft Geburtenrate, Religion (Islam) und Intelligenz miteinander und beklagt in seinem neuesten Buch &#8222;Feindliche \u00dcbernahme&#8220; in rassistischer Manier eine Abwertung\u00a0 abendl\u00e4ndischer\u00a0 Werte und eine allgemeine Abnahme der Intelligenz durch das Vordringen des Islam.\u00a0 Die calvinistischen Werte, Entsagung, Sparsamkeit, Anstrengung und Flei\u00df w\u00fcrden an Bedeutung verlieren, der Islam w\u00fcrde sie abwerten. Eine hohe Geburtenrate (&#8222;Nettoproduktionsrate&#8220;) von Muslimen mit unterdurchschnittlichen Bildungsleistungen w\u00fcrde in unserer westlichen Gesellschaft &#8222;zu einer f\u00fchlbaren Abnahme der kognitiven F\u00e4higkeiten in Europa f\u00fchren&#8220;. &#8222;Unser Volkscharakter \u00e4ndert sich, die sozialen Kosten steigen und der wirtschaftliche Ertrag nimmt ab.&#8220;<\/p>\n<p>Alternativ st\u00fcnde es aber allen offen in die Mittelklasse aufzusteigen und alle Vorrechte der Mittelklasse in Anspruch zu nehmen.\u00a0 Eine Bev\u00f6lkerungsexplosion aber h\u00e4tte dazu gef\u00fchrt, dass durch traditionelle Formen des Wirtschaftens und Lebens die Massen der muslimischen L\u00e4nder\u00a0 nicht ern\u00e4hrt werden k\u00f6nnten. Hier n\u00e4hert er sich der\u00a0 Blut-und-Boden-Theorie der Nazis, wenn er auch direkt eugenische Argumente vermeidet.<\/p>\n<p>Er formuliert aber die \u00c4ngste des B\u00fcrgertums, das unter Anstrengungen, Selbstdisziplin und Entsagung seine gesellschaftliche Stellung erreicht hat, den Abstieg f\u00fcrchtet, und meint, dass &#8222;z\u00fcgelloser Kinderreichtum&#8220; eine unangemessene Belohnung der muslimischen Volksmassen darstellen w\u00fcrde, der man selbst entsagen musste.<\/p>\n<p><span style=\"display: inline !important; float: none; background-color: transparent; color: #3d3d3d; font-family: 'Open Sans',sans-serif; font-size: 18px; font-style: normal; font-variant: normal; font-weight: 400; letter-spacing: normal; orphans: 2; text-align: left; text-decoration: none; text-indent: 0px; text-transform: none; -webkit-text-stroke-width: 0px; white-space: normal; word-spacing: 0px;\">Er degradiert seine Leser zu Sch\u00fclern, ohne selbst einen Wissensvorsprung zu haben bzw. einen \u00fcbergeordneten Standpunkt und verbirgt seine calvinistisch, kleinb\u00fcrgerliche Weltsicht hinter einem Wust von Tabellen und Zahlen.<\/span><\/p>\n<p>Nach ihm ist die Aufteilung der arabischen Welt in Nationalstaaten und verschiedene westliche Einflussgebiete durch die Kolonialm\u00e4chte der Gipfel der Weisheit. Und statt von den Kolonialherren zu lernen, h\u00e4tten die Araber die Geburtenrate gesteigert und deshalb seien die Pal\u00e4stinenser auch an ihrem Schicksal selbst schuld;\u00a0 der Genozid an den Pal\u00e4stinensern wird geleugnet, stattdessen spricht Sarrazin von unangemessen hoher Geburtenrate. Die Weltgemeinschaft m\u00fcsse den Lebensunterhalt der Fl\u00fcchtlinge bezahlen, diese sollten sich aber als erwachsen erweisen, den Israelis dankbar sein, ihre Lage akzeptieren und aus Pal\u00e4stina auswandern!<\/p>\n<p>Beim Vergleich der heiligen Schriften vergisst er, dass in den heutigen USA ein relevanter Teil der Bev\u00f6lkerung an die Erschaffung der Erde in sieben Tagen glaubt und den Vizepr\u00e4sidenten stellt. Hexenverbrennungen und Kreuzz\u00fcge erscheinen ihm nicht als erw\u00e4hnenswert; und h\u00e4tten die kolonisierten V\u00f6lker die westliche Lebensart und das Christentum eher angenommen, w\u00fcrde es ihnen jetzt besser gehen. Eine Auspl\u00fcnderung der Bodensch\u00e4tze dieser L\u00e4nder \u00fcbergeht er gro\u00dfz\u00fcgig.<\/p>\n<p>Er behauptet: &#8222;die Ausbreitung der Araber und des Islam war ein milit\u00e4rischer Feldzug,\u00a0 der \u00fcberlegene Zivilisationen st\u00fcrzte und vereinnahmte.&#8220; So sei jetzt das geburtenarme, friedliche Europa\u00a0 von Gibraltar bis Zentralasien umgeben von der islamischen Welt und: &#8222;setzen konservative Kr\u00e4fte unter den Muslimen mit expansiver Eroberungskraft durch demographische \u00dcberw\u00e4ltigung auf \u00dcbernahme der westlichen Gesellschaft.&#8220; Sarrazin bedauert, dass es in der Demokratie keine Wege geben w\u00fcrde, zu verhindern, dass in Europa entstehende islamische Mehrheiten Gesetze und Lebensregeln in islamischem Sinn \u00e4ndern w\u00fcrden. Er zitiert: &#8222;der St\u00e4rkere ist als solcher noch lange nicht der Bessere und in der Geschichte bildet das Unterliegen des Edlen eine gro\u00dfe Gefahr.&#8220; Sarrazin fordert, diesen Trend radikal zu unterbrechen: &#8222;Wir haben die Pflicht dieser Bedrohung entgegenzutreten.&#8220;<\/p>\n<p>Sarrazin, der Rosenberg unserer Zeit.<\/p>\n<p>Und Geschichte wiederholt sich doch:<\/p>\n<p>Alfred Rosenberg, der nationalsozialistische Chefideologe, wollte das Abendland vor einer j\u00fcdischen Verschw\u00f6rung retten durch eine Germanisierung des Ostens mit einer Erh\u00f6hung der Geburtenrate einer abendl\u00e4ndischen\u00a0 Herrenrasse.<\/p>\n<p>&nbsp;<\/p>\n<p>&nbsp;<\/p>\n<p>&nbsp;<\/p>\n<p>&nbsp;<\/p>\n<p>&nbsp;<\/p>\n","protected":false,"gt_translate_keys":[{"key":"rendered","format":"html"}]},"excerpt":{"rendered":"<p>Sarrazin verkn\u00fcpft Geburtenrate, Religion (Islam) und Intelligenz miteinander und beklagt in seinem neuesten Buch &#8222;Feindliche \u00dcbernahme&#8220; in rassistischer Manier eine Abwertung\u00a0 abendl\u00e4ndischer\u00a0 Werte und eine allgemeine Abnahme der Intelligenz durch&hellip;<\/p>\n","protected":false,"gt_translate_keys":[{"key":"rendered","format":"html"}]},"author":1,"featured_media":0,"comment_status":"open","ping_status":"open","sticky":false,"template":"","format":"standard","meta":{"footnotes":""},"categories":[45,11],"tags":[228,225,227,230,231,229,224],"class_list":["post-522","post","type-post","status-publish","format-standard","hentry","category-gesellschaft","category-politik","tag-arabs","tag-islam","tag-occident","tag-palestine","tag-racism","tag-refugees","tag-sarrazin"],"gt_translate_keys":[{"key":"link","format":"url"}],"_links":{"self":[{"href":"https:\/\/andreastriebel.de\/index.php?rest_route=\/wp\/v2\/posts\/522","targetHints":{"allow":["GET"]}}],"collection":[{"href":"https:\/\/andreastriebel.de\/index.php?rest_route=\/wp\/v2\/posts"}],"about":[{"href":"https:\/\/andreastriebel.de\/index.php?rest_route=\/wp\/v2\/types\/post"}],"author":[{"embeddable":true,"href":"https:\/\/andreastriebel.de\/index.php?rest_route=\/wp\/v2\/users\/1"}],"replies":[{"embeddable":true,"href":"https:\/\/andreastriebel.de\/index.php?rest_route=%2Fwp%2Fv2%2Fcomments&post=522"}],"version-history":[{"count":24,"href":"https:\/\/andreastriebel.de\/index.php?rest_route=\/wp\/v2\/posts\/522\/revisions"}],"predecessor-version":[{"id":555,"href":"https:\/\/andreastriebel.de\/index.php?rest_route=\/wp\/v2\/posts\/522\/revisions\/555"}],"wp:attachment":[{"href":"https:\/\/andreastriebel.de\/index.php?rest_route=%2Fwp%2Fv2%2Fmedia&parent=522"}],"wp:term":[{"taxonomy":"category","embeddable":true,"href":"https:\/\/andreastriebel.de\/index.php?rest_route=%2Fwp%2Fv2%2Fcategories&post=522"},{"taxonomy":"post_tag","embeddable":true,"href":"https:\/\/andreastriebel.de\/index.php?rest_route=%2Fwp%2Fv2%2Ftags&post=522"}],"curies":[{"name":"wp","href":"https:\/\/api.w.org\/{rel}","templated":true}]}}