{"id":543,"date":"2018-09-16T16:14:32","date_gmt":"2018-09-16T14:14:32","guid":{"rendered":"http:\/\/andreastriebel.de\/?p=543"},"modified":"2018-09-27T18:54:17","modified_gmt":"2018-09-27T16:54:17","slug":"soll-sahra-wagenknecht-weiter-die-bewegung-aufsrehen-an-vorderster-stelle-fuehren-oder-repraesenrieren","status":"publish","type":"post","link":"https:\/\/andreastriebel.de\/?p=543","title":{"rendered":"Soll Sahra Wagenknecht weiter die Bewegung &#8222;Aufstehen&#8220; an vorderster Stelle f\u00fchren oder repr\u00e4sentieren?","gt_translate_keys":[{"key":"rendered","format":"text"}]},"content":{"rendered":"<p>Frau Wagenknecht hat zusammen mit ihrem Mann, Oskar Lafontaine, die Idee zu der Bewegung entwickelt und gegen den heftigen Widerstand der etablierten Kr\u00e4fte in den Parteien des linken Spektrums durchgesetzt. Die Mainstream-Medien waren sehr zur\u00fcckhaltend und als der Zug in Bewegung war, sind einige Medien, die man eher nicht im konservativen Lager verortet, aufgesprungen. Ein scharfer Linkskurs w\u00e4re ihnen aber doch nicht geheuer. Sie sehen in der Bewegung eher eine Unterst\u00fctzung f\u00fcr den sozialdemokratischen Kurs a la Scholz und Nahles: Unser sch\u00f6ner Wirtschaftsaufschwung w\u00fcrde sonst abgew\u00fcrgt werden, wenn der Mindestlohn kr\u00e4ftig erh\u00f6ht w\u00fcrde, und wo k\u00e4men wir denn hin, wenn die Empf\u00e4nger von Sozialleistungen nicht mehr schikaniert und blossgestellt w\u00fcrden. Es soll sich doch niemand in der sozialen H\u00e4ngematte gem\u00fctlich machen, wie es Kardinal Lehmann auf dem H\u00f6hepunkt der neoliberalen Welle forderte. Und man k\u00f6nnte dann Migranten nicht mehr per Einwanderungsgesetz auf ihre Tauglichkeit f\u00fcr den deutschen Arbeitskr\u00e4ftemarkt untersuchen, das Lohnniveau w\u00fcrde auf ungeahnte H\u00f6hen getrieben. Einen &#8222;Lohnauftrieb&#8220; aber kann die deutsche Wirtschaft jetzt garnicht gebrauchen. Also her mit den Migranten und Integration in den deutschen Arbeitskr\u00e4ftemarkt. Die nicht arbeitsf\u00e4higen Familienmitglieder sollen selbstverst\u00e4ndlich in ihren Heimatl\u00e4ndern bleiben. Aufr\u00fcstung von Polizei und Verfassungsschutz werden schon f\u00fcr Sicherheit sorgen, daf\u00fcr stehen Seehofer und Maassen.<\/p>\n<p>Und wenn Wagenknecht sich durchsetzte, m\u00fcssten die Dieselfahrzeuge auf Kosten der Konzerne umger\u00fcstet werden. Das w\u00fcrde die Rendite deutlich schm\u00e4lern, ein ungeh\u00f6riges Unterfangen. Und die Energiekonzerne m\u00fcssten den Braunkohleabbau im Hambacher Forst beenden. Und wahrscheinlich w\u00fcrde sogar die Verwendung des brasilianischen Tropenholzes behindert. Und am Ende d\u00fcrfte uns sogar unsere Bundeswehr nicht mehr in Mali und am Hindukusch verteidigen, und unsere Marine d\u00fcrfte nicht mehr die Seewege freihalten und die Fischereiflotte des Oetkerkonzerns vor der westafrikanischen K\u00fcste besch\u00fctzen. Eigentlich unvorstellbar!<\/p>\n<p>F\u00fcr all das w\u00fcrde Sahra Wagenknecht stehen. Solche Vorstellungen sind viel zu weit links und daher spalterisch. Daher sollte die Bewegung von einem Aktivisten angef\u00fchrt werden, der ein bisschen gr\u00fcn ist und m\u00f6glichst eine grosse Klappe hat.<\/p>\n<p>&nbsp;<\/p>\n<p>&nbsp;<\/p>\n<p>&nbsp;<\/p>\n<p>&nbsp;<\/p>\n","protected":false,"gt_translate_keys":[{"key":"rendered","format":"html"}]},"excerpt":{"rendered":"<p>Frau Wagenknecht hat zusammen mit ihrem Mann, Oskar Lafontaine, die Idee zu der Bewegung entwickelt und gegen den heftigen Widerstand der etablierten Kr\u00e4fte in den Parteien des linken Spektrums durchgesetzt.&hellip;<\/p>\n","protected":false,"gt_translate_keys":[{"key":"rendered","format":"html"}]},"author":1,"featured_media":0,"comment_status":"open","ping_status":"open","sticky":false,"template":"","format":"standard","meta":{"footnotes":""},"categories":[45,11],"tags":[234,235,232],"class_list":["post-543","post","type-post","status-publish","format-standard","hentry","category-gesellschaft","category-politik","tag-aufstehen","tag-lafontaine","tag-sahra-wagenknecht"],"gt_translate_keys":[{"key":"link","format":"url"}],"_links":{"self":[{"href":"https:\/\/andreastriebel.de\/index.php?rest_route=\/wp\/v2\/posts\/543","targetHints":{"allow":["GET"]}}],"collection":[{"href":"https:\/\/andreastriebel.de\/index.php?rest_route=\/wp\/v2\/posts"}],"about":[{"href":"https:\/\/andreastriebel.de\/index.php?rest_route=\/wp\/v2\/types\/post"}],"author":[{"embeddable":true,"href":"https:\/\/andreastriebel.de\/index.php?rest_route=\/wp\/v2\/users\/1"}],"replies":[{"embeddable":true,"href":"https:\/\/andreastriebel.de\/index.php?rest_route=%2Fwp%2Fv2%2Fcomments&post=543"}],"version-history":[{"count":7,"href":"https:\/\/andreastriebel.de\/index.php?rest_route=\/wp\/v2\/posts\/543\/revisions"}],"predecessor-version":[{"id":558,"href":"https:\/\/andreastriebel.de\/index.php?rest_route=\/wp\/v2\/posts\/543\/revisions\/558"}],"wp:attachment":[{"href":"https:\/\/andreastriebel.de\/index.php?rest_route=%2Fwp%2Fv2%2Fmedia&parent=543"}],"wp:term":[{"taxonomy":"category","embeddable":true,"href":"https:\/\/andreastriebel.de\/index.php?rest_route=%2Fwp%2Fv2%2Fcategories&post=543"},{"taxonomy":"post_tag","embeddable":true,"href":"https:\/\/andreastriebel.de\/index.php?rest_route=%2Fwp%2Fv2%2Ftags&post=543"}],"curies":[{"name":"wp","href":"https:\/\/api.w.org\/{rel}","templated":true}]}}