{"id":565,"date":"2018-10-05T07:34:38","date_gmt":"2018-10-05T05:34:38","guid":{"rendered":"http:\/\/andreastriebel.de\/?p=565"},"modified":"2018-11-30T16:32:25","modified_gmt":"2018-11-30T15:32:25","slug":"rwe-ist-gut-vernetzt-auf-zum-hambacher-forst","status":"publish","type":"post","link":"https:\/\/andreastriebel.de\/?p=565","title":{"rendered":"RWE ist gut vernetzt; auf zum Hambacher Forst","gt_translate_keys":[{"key":"rendered","format":"text"}]},"content":{"rendered":"<p>In den Mitbestimmungsgremien von RWE sitzen sehr viel Parteifunktion\u00e4re der SPD. Lange Jahre war es guter Brauch verdiente SPD- und Gewerkschaftsfunktion\u00e4re mit wohldotierten Aufsichtsrats- oder anderen Posten in den Konzernen zu versorgen. Viele Kommunen besitzen Anteile an den Energiekonzernen.<\/p>\n<p>Es ist kein Wunder, dass sie Gerichte \u00fcberzeugen k\u00f6nnen, gegen Proteste und Demonstrationen vor zu gehen. Sonst k\u00f6nnte die Rendite der Konzerne geschm\u00e4lert werden. Wenn es das Ziel des Demonstrationverbotes war, die Proteste klein zu halten, war es das D\u00fcmmste, was die Funktion\u00e4rskaste und die Gerichte tun konnten: das Gegenteil wird erreicht werden. Sicher wird aber ein h\u00f6heres Gericht das erkennen und das Verbot aufheben.<\/p>\n<p>Allen Protestlern ist klar, dass die Folgen der Verbrennung von Braunkohle vor allem arme Leute erleiden m\u00fcssen, die in den Innenst\u00e4dten wohnen und nicht die finanziellen M\u00f6glichkeiten des Erholungsurlaubs wie die Mittelschicht haben. F\u00fcr die Dieselabgase gilt das Gleiche. Die Rendite der Gro\u00dfkonzerne geht jedenfalls vor.<\/p>\n<p><img loading=\"lazy\" decoding=\"async\" class=\"alignnone wp-image-594\" src=\"https:\/\/andreastriebel.de\/wp-content\/uploads\/2018\/11\/IMG_20181006_142045-300x168.jpg\" alt=\"\" width=\"534\" height=\"299\" srcset=\"https:\/\/andreastriebel.de\/wp-content\/uploads\/2018\/11\/IMG_20181006_142045-300x168.jpg 300w, https:\/\/andreastriebel.de\/wp-content\/uploads\/2018\/11\/IMG_20181006_142045-768x431.jpg 768w, https:\/\/andreastriebel.de\/wp-content\/uploads\/2018\/11\/IMG_20181006_142045.jpg 1024w\" sizes=\"auto, (max-width: 534px) 100vw, 534px\" \/><\/p>\n","protected":false,"gt_translate_keys":[{"key":"rendered","format":"html"}]},"excerpt":{"rendered":"<p>In den Mitbestimmungsgremien von RWE sitzen sehr viel Parteifunktion\u00e4re der SPD. Lange Jahre war es guter Brauch verdiente SPD- und Gewerkschaftsfunktion\u00e4re mit wohldotierten Aufsichtsrats- oder anderen Posten in den Konzernen&hellip;<\/p>\n","protected":false,"gt_translate_keys":[{"key":"rendered","format":"html"}]},"author":1,"featured_media":0,"comment_status":"open","ping_status":"open","sticky":false,"template":"","format":"standard","meta":{"footnotes":""},"categories":[45,11,13],"tags":[153,237,236,15],"class_list":["post-565","post","type-post","status-publish","format-standard","hentry","category-gesellschaft","category-politik","category-wirtschaft","tag-braunkohle","tag-hambacher-forst","tag-rwe","tag-spd"],"gt_translate_keys":[{"key":"link","format":"url"}],"_links":{"self":[{"href":"https:\/\/andreastriebel.de\/index.php?rest_route=\/wp\/v2\/posts\/565","targetHints":{"allow":["GET"]}}],"collection":[{"href":"https:\/\/andreastriebel.de\/index.php?rest_route=\/wp\/v2\/posts"}],"about":[{"href":"https:\/\/andreastriebel.de\/index.php?rest_route=\/wp\/v2\/types\/post"}],"author":[{"embeddable":true,"href":"https:\/\/andreastriebel.de\/index.php?rest_route=\/wp\/v2\/users\/1"}],"replies":[{"embeddable":true,"href":"https:\/\/andreastriebel.de\/index.php?rest_route=%2Fwp%2Fv2%2Fcomments&post=565"}],"version-history":[{"count":3,"href":"https:\/\/andreastriebel.de\/index.php?rest_route=\/wp\/v2\/posts\/565\/revisions"}],"predecessor-version":[{"id":596,"href":"https:\/\/andreastriebel.de\/index.php?rest_route=\/wp\/v2\/posts\/565\/revisions\/596"}],"wp:attachment":[{"href":"https:\/\/andreastriebel.de\/index.php?rest_route=%2Fwp%2Fv2%2Fmedia&parent=565"}],"wp:term":[{"taxonomy":"category","embeddable":true,"href":"https:\/\/andreastriebel.de\/index.php?rest_route=%2Fwp%2Fv2%2Fcategories&post=565"},{"taxonomy":"post_tag","embeddable":true,"href":"https:\/\/andreastriebel.de\/index.php?rest_route=%2Fwp%2Fv2%2Ftags&post=565"}],"curies":[{"name":"wp","href":"https:\/\/api.w.org\/{rel}","templated":true}]}}