{"id":586,"date":"2018-11-29T21:46:57","date_gmt":"2018-11-29T20:46:57","guid":{"rendered":"http:\/\/andreastriebel.de\/?p=586"},"modified":"2018-11-30T07:56:26","modified_gmt":"2018-11-30T06:56:26","slug":"politunterhaltung-statt-sorge-um-arme-und-alte","status":"publish","type":"post","link":"https:\/\/andreastriebel.de\/?p=586","title":{"rendered":"Politunterhaltung statt Sorge um Arme und Alte","gt_translate_keys":[{"key":"rendered","format":"text"}]},"content":{"rendered":"<p>Jetzt haben Habeck (gr\u00fcner Chef) und Nahles (SPD- Chefin) mitbekommen, dass ihre W\u00e4hler nicht auf Kosten der Unterschicht leben wollen. Die Versch\u00e4rfung der Klassengegens\u00e4tze ist f\u00fcr einen wahrscheinlich kurzen Zeitraum ins Zentrum der Aufmerksamkeit ger\u00fcckt, obwohl politische Klasse und Medien konstant versuchen, die Migration als Wurzel allen \u00dcbels darzustellen. Nicht nur Seehofer\u00a0 war darin besonders eifrig (&#8222;die Migration ist die Mutter aller Probleme&#8220;), auch die anderen Rechten und die Sozialdemokraten versuchten krampfhaft , das Migrationsthema in den Vordergrund zu stellen. Umso sch\u00e4rfer tritt jetzt der bisher herunter gespielte Klassengegensatz hervor. Um die jeweilige Klientel zu beruhigen, faseln Habeck und Nahles von Grundeinkommen und bleiben im Ungef\u00e4hren. Wer die Krankenversicherungsbeitr\u00e4ge bezahlt und wer \u00fcberhaupt eine Grundsicherung bezahlen soll. wird nicht mitgeteilt. Milliardenbetr\u00e4ge werden genannt, Begriffe werden durcheinander gewirbelt, man wei\u00df schon, dass alle Beitr\u00e4ge dieser Politiker nicht ernst gemeint sind, sie sind das \u00fcbliche Politgeschwafel, das etwa von der Verurteilung eines Terroranschlages oder Klagen \u00fcber den Klimawandel abgel\u00f6st werden wird.<\/p>\n<p>W\u00e4ren die Vorschl\u00e4ge ernst gemeint, w\u00fcrden als Erstes die Milliardenabfl\u00fcsse in die Steueroasen gestoppt. Und die Protagonisten w\u00fcrden sich von den Schr\u00f6der- Fischer- Gesetzen ausdr\u00fccklich distanzieren. Das wollen sie aber nicht. Sie wollen der neoliberalen Politik ein netteres M\u00e4ntelchen umh\u00e4ngen; keinesfalls soll das makro\u00f6konomische Grundgesetz angetastet werden, dass das Angebot an Arbeitskr\u00e4ften immer h\u00f6her sein muss als der Bedarf, damit kein Lohn, der \u00fcber die Sicherung des Existenzminimums hinausgeht, gezahlt werden muss. Zwang und Gewalt sollen weiter f\u00fcr die Unterschicht reserviert bleiben. Und der arbeitslose Ingenieur soll weiterhin wissen, dass ihm im Falle seiner Arbeitslosigkeit zugemutet wird, nachts in der Backstube Br\u00f6tchen zu backen. Da ging es sogar unter Kohl sozialer zu.<\/p>\n<p>Dieser Druck hat das Arbeitsklima enorm versch\u00e4rft. Das wollen Habeck und Nahles nicht \u00e4ndern, machen aber ein Wortgeklingel und werfen Begriffe durcheinander, dass dem Publikum schwindlig werden k\u00f6nnte. Und jeder wei\u00df, dass er eher noch mehr arbeiten muss und sogar bis 67, als weniger.<\/p>\n","protected":false,"gt_translate_keys":[{"key":"rendered","format":"html"}]},"excerpt":{"rendered":"<p>Jetzt haben Habeck (gr\u00fcner Chef) und Nahles (SPD- Chefin) mitbekommen, dass ihre W\u00e4hler nicht auf Kosten der Unterschicht leben wollen. Die Versch\u00e4rfung der Klassengegens\u00e4tze ist f\u00fcr einen wahrscheinlich kurzen Zeitraum&hellip;<\/p>\n","protected":false,"gt_translate_keys":[{"key":"rendered","format":"html"}]},"author":1,"featured_media":0,"comment_status":"open","ping_status":"open","sticky":false,"template":"","format":"standard","meta":{"footnotes":""},"categories":[45,11],"tags":[241,242,131,75,136,51,70],"class_list":["post-586","post","type-post","status-publish","format-standard","hentry","category-gesellschaft","category-politik","tag-grundeinkommen","tag-habeck","tag-klimaschutz","tag-migration","tag-nahles","tag-neoliberalismus","tag-schroeder-fischer-agenda"],"gt_translate_keys":[{"key":"link","format":"url"}],"_links":{"self":[{"href":"https:\/\/andreastriebel.de\/index.php?rest_route=\/wp\/v2\/posts\/586","targetHints":{"allow":["GET"]}}],"collection":[{"href":"https:\/\/andreastriebel.de\/index.php?rest_route=\/wp\/v2\/posts"}],"about":[{"href":"https:\/\/andreastriebel.de\/index.php?rest_route=\/wp\/v2\/types\/post"}],"author":[{"embeddable":true,"href":"https:\/\/andreastriebel.de\/index.php?rest_route=\/wp\/v2\/users\/1"}],"replies":[{"embeddable":true,"href":"https:\/\/andreastriebel.de\/index.php?rest_route=%2Fwp%2Fv2%2Fcomments&post=586"}],"version-history":[{"count":5,"href":"https:\/\/andreastriebel.de\/index.php?rest_route=\/wp\/v2\/posts\/586\/revisions"}],"predecessor-version":[{"id":592,"href":"https:\/\/andreastriebel.de\/index.php?rest_route=\/wp\/v2\/posts\/586\/revisions\/592"}],"wp:attachment":[{"href":"https:\/\/andreastriebel.de\/index.php?rest_route=%2Fwp%2Fv2%2Fmedia&parent=586"}],"wp:term":[{"taxonomy":"category","embeddable":true,"href":"https:\/\/andreastriebel.de\/index.php?rest_route=%2Fwp%2Fv2%2Fcategories&post=586"},{"taxonomy":"post_tag","embeddable":true,"href":"https:\/\/andreastriebel.de\/index.php?rest_route=%2Fwp%2Fv2%2Ftags&post=586"}],"curies":[{"name":"wp","href":"https:\/\/api.w.org\/{rel}","templated":true}]}}