{"id":649,"date":"2019-02-13T09:27:36","date_gmt":"2019-02-13T08:27:36","guid":{"rendered":"http:\/\/andreastriebel.de\/?p=649"},"modified":"2019-02-13T13:02:01","modified_gmt":"2019-02-13T12:02:01","slug":"die-verlogene-debatte-um-eine-grundrente","status":"publish","type":"post","link":"https:\/\/andreastriebel.de\/?p=649","title":{"rendered":"Die verlogene Debatte um eine Grundrente","gt_translate_keys":[{"key":"rendered","format":"text"}]},"content":{"rendered":"\n<p>Die plattesten Behauptungen sind gerade gut genug, um gegen eine Grundrente zu polemisieren:&#8220; Die haben doch alle Immobilien und brauchen keine Rente. Ich kenne einen, der hat zwei H\u00e4user und bezieht Hartz IV&#8230;.&#8220; Oder es wird die Zahnarztgattin ins Spiel gebracht, die es erfordere, dass eine Pr\u00fcfung der Bed\u00fcrftigkeit erforderlich sei. Die Politiker der Rechtsparteien sind in ihren Stellungnahmen etwas geschickter und verlautbaren, dass kein Geld vorhanden sei. Sie mobilisieren Neid und Missgunst und unterschlagen, dass sie hier das Geld der Arbeiterklasse verwalten und nicht das Verm\u00f6gen der Wohlhabenden. Der mediale Mainstream dagegen und sogar das Zentralorgan der deutschen Bourgeoisie, die FAZ, lobt das Konzept der SPD, wohl wissend, dass es nicht verwirklicht werden wird.<\/p>\n\n\n\n<p>Nach den zur Zeit geltenden Sozialgesetzen von Schr\u00f6der und Fischer erh\u00e4lt der Arbeitslose, der 50 oder 60 000 Euro in die Renrtenkasse eingezahlt hat, nur einen Bruchteil wieder ausgezahlt, wenn er arbeitslos wird. Der gr\u00f6\u00dfte Teil der eingezahlten Betr\u00e4ge bleibt konfisziert. Jetzt soll nach den neuen Pl\u00e4nen der SPD- Spitze ein gr\u00f6\u00dferer Anteil der einbehaltenen Beitr\u00e4ge augezahlt werden, indem der Arbeitslose statt einem Jahr nun zwei Jahre Aufschub erh\u00e4lt, bevor er niedere Arbeit annehmen muss: ein kleines Zugest\u00e4ndnis mit allerdings gro\u00dfer Wirkung f\u00fcr den Betroffenen. Und schon giften CDU und FDP und versuchen den Mittelstand gegen die Arbeiterklasse auszuspielen. Nahles und Scholz dagegen entschuldigen sich f\u00fcr ihre unerh\u00f6rten Pl\u00e4ne und verweisen auf die Bewegung der Gelbwesten, die auch in Deutschland droht. <\/p>\n\n\n\n<p>Bereits am Wochenende sind in der Hauptst\u00e4dten der Bundesl\u00e4nder Demonstrationen der Bewegung &#8222;aufstehen&#8220; geplant und es ist nicht abzusehen, ob sich die Bewegung radikalisiertund den gleichen Einfluss wie die Bewegung der Gelbwesten in Frankreich erlangen wird.<\/p>\n\n\n\n<p>Bemerkenswert ist immerhin, dass die SPD erst vom W\u00e4hler stranguliert werden musste, um sie wenigstens in ihrem Programm von ihrem sozialfeindlichen Kurs abzubringen. Ob sie allerdings noch gebraucht wird, ist fraglich: FDP und Gr\u00fcne gieren schon danach, ihre Regierungssessel zu \u00fcbernehmen.<\/p>\n","protected":false,"gt_translate_keys":[{"key":"rendered","format":"html"}]},"excerpt":{"rendered":"<p>Die plattesten Behauptungen sind gerade gut genug, um gegen eine Grundrente zu polemisieren:&#8220; Die haben doch alle Immobilien und brauchen keine Rente. Ich kenne einen, der hat zwei H\u00e4user und&hellip;<\/p>\n","protected":false,"gt_translate_keys":[{"key":"rendered","format":"html"}]},"author":1,"featured_media":0,"comment_status":"open","ping_status":"open","sticky":false,"template":"","format":"standard","meta":{"footnotes":""},"categories":[45,11],"tags":[272,176,60,271,243,270,136,182,167,15],"class_list":["post-649","post","type-post","status-publish","format-standard","hentry","category-gesellschaft","category-politik","tag-arbeitlosigkeit","tag-cdu","tag-fdp","tag-fischer","tag-gelbwesten","tag-grundrente","tag-nahles","tag-scholz","tag-schroeder","tag-spd"],"gt_translate_keys":[{"key":"link","format":"url"}],"_links":{"self":[{"href":"https:\/\/andreastriebel.de\/index.php?rest_route=\/wp\/v2\/posts\/649","targetHints":{"allow":["GET"]}}],"collection":[{"href":"https:\/\/andreastriebel.de\/index.php?rest_route=\/wp\/v2\/posts"}],"about":[{"href":"https:\/\/andreastriebel.de\/index.php?rest_route=\/wp\/v2\/types\/post"}],"author":[{"embeddable":true,"href":"https:\/\/andreastriebel.de\/index.php?rest_route=\/wp\/v2\/users\/1"}],"replies":[{"embeddable":true,"href":"https:\/\/andreastriebel.de\/index.php?rest_route=%2Fwp%2Fv2%2Fcomments&post=649"}],"version-history":[{"count":2,"href":"https:\/\/andreastriebel.de\/index.php?rest_route=\/wp\/v2\/posts\/649\/revisions"}],"predecessor-version":[{"id":652,"href":"https:\/\/andreastriebel.de\/index.php?rest_route=\/wp\/v2\/posts\/649\/revisions\/652"}],"wp:attachment":[{"href":"https:\/\/andreastriebel.de\/index.php?rest_route=%2Fwp%2Fv2%2Fmedia&parent=649"}],"wp:term":[{"taxonomy":"category","embeddable":true,"href":"https:\/\/andreastriebel.de\/index.php?rest_route=%2Fwp%2Fv2%2Fcategories&post=649"},{"taxonomy":"post_tag","embeddable":true,"href":"https:\/\/andreastriebel.de\/index.php?rest_route=%2Fwp%2Fv2%2Ftags&post=649"}],"curies":[{"name":"wp","href":"https:\/\/api.w.org\/{rel}","templated":true}]}}