{"id":653,"date":"2019-02-17T09:00:49","date_gmt":"2019-02-17T08:00:49","guid":{"rendered":"http:\/\/andreastriebel.de\/?p=653"},"modified":"2019-02-17T21:25:00","modified_gmt":"2019-02-17T20:25:00","slug":"zehn-millionen-unterschriften-lange-schlangen-in-caracas-venezolaner-unterstuetzen-friedensappell-maduros-usa-und-russland-streiten-im-un-sicherheitsrat","status":"publish","type":"post","link":"https:\/\/andreastriebel.de\/?p=653","title":{"rendered":"Zehn Millionen Unterschriften  Lange Schlangen in Caracas: Venezolaner unterst\u00fctzen Friedensappell Maduros","gt_translate_keys":[{"key":"rendered","format":"text"}]},"content":{"rendered":"\n<p>Von Andr\u00e9 Scheer <\/p>\n\n\n\n<p>Unterschriftenlisten liegen auch in der\nBotschaft Venezuelas (Schillstr. 10, 10785 Berlin) aus und k\u00f6nnen w\u00e4hrend der\nregul\u00e4ren \u00d6ffnungszeiten (Mo.\u2013Fr. von 9 bis 12 Uhr und 14 bis 17 Uhr)\nunterzeichnet werden<\/p>\n\n\n\n<p>Lange Schlangen ziehen sich durch das\nZentrum der venezolanischen Hauptstadt Caracas. Hunderte Menschen warten\ngeduldig, bis sie an der Reihe sind. Doch an den mit rotem Tuch bedeckten\nTischen auf der Plaza Bol\u00edvar gibt es nicht etwa Lebensmittel. Die Menschen\nunterschreiben einen Appell f\u00fcr den Frieden und gegen die ausl\u00e4ndische\nEinmischung.<\/p>\n\n\n\n<p>Auf Initiative von Venezuelas Pr\u00e4sident\nNicol\u00e1s Maduro hat am 6. Februar eine gro\u00dfangelegte Unterschriftensammlung\nbegonnen. Ziel ist, dass zehn Millionen Menschen ihren Wunsch nach Frieden\nsowie die Ablehnung ausl\u00e4ndischer Einmischung ausdr\u00fccken. Schon einen Tag nach\nBeginn der Sammlung meldeten staatliche Medien, dass bereits zwei Millionen\nUnterschriften zusammengekommen seien. Seither l\u00e4uft die Sammlung im ganzen\nLand ungebremst weiter.<\/p>\n\n\n\n<p>Die meisten der Menschen in den\nWarteschlangen bewegt die Angst vor einer weiteren Eskalation des Konflikts.\nFragen von Journalisten, ob sie f\u00fcr ihre Unterschrift irgendeine Gegenleistung\nerhalten, weisen sie zur\u00fcck. Ein Mann sagt einer spanischen Journalistin in die\nVideokamera, dass es zum Beispiel um Renten und kostenfreie\nGesundheitsversorgung gehe, die aus den Erd\u00f6l- und Erdgaseinnahmen Venezuelas\nbezahlt w\u00fcrden. Er unterzeichne, damit die Mittel des Staates weiter der\nBev\u00f6lkerung zugutekommen.<\/p>\n\n\n\n<p>Von dem Oppositionspolitiker Juan Guaid\u00f3,\nder sich am 23. Januar selbst zum \u00bb\u00dcbergangspr\u00e4sidenten\u00ab erkl\u00e4rt hatte,\nerwarten die Menschen auf der Plaza Bol\u00edvar nichts. Er gilt ihnen als simple\nMarionette von US-Pr\u00e4sident Donald Trump, und der wolle nichts anderes als den\nZugriff auf die Bodensch\u00e4tze Venezuelas. Mehrere tausend Menschen, die sich am\nDienstag zu einer Kundgebung der Opposition auf der Avenida Francisco de\nMiranda im Mittelschichtsviertel Chacao versammelten, sehen das anders. Doch\nauch unter den Gegnern Maduros w\u00e4chst die Unzufriedenheit mit Guaid\u00f3, der zwar\nvon Dutzenden Regierungen in Amerika und Europa anerkannt wurde, in Venezuela selbst\naber nach wie vor keine reale Macht hat. Deshalb versucht er, seine Anh\u00e4nger\nmit immer neuen Ank\u00fcndigungen bei der Stange zu halten. Nun soll am 23. Februar\n\u00bbso oder so\u00ab die \u00bbhumanit\u00e4re Hilfe\u00ab nach Venezuela gebracht werden, die im\nkolumbianischen Grenzort C\u00facuta lagere. Er rechne auf 150.000 \u00bbFreiwillige\u00ab,\ndie sich auf Internetseiten der Opposition gemeldet h\u00e4tten, um sich an der\nVerteilung der \u00bbhumanit\u00e4ren Hilfe\u00ab zu beteiligen.<\/p>\n\n\n\n<p>F\u00fcr Guaid\u00f3 d\u00fcrfte der 23. Februar die\nletzte Chance sein, bei der Bev\u00f6lkerung zu punkten. Bef\u00fcrchtet wird aber, dass\nradikale Kr\u00e4fte der Opposition sp\u00e4testens f\u00fcr dieses Datum Provokationen\nvorbereiten, um Bilder von Gewalt zu liefern.<\/p>\n\n\n\n<p>Im UN-Sicherheitsrat wird derweil eine\nweitere Debatte zur Lage in Venezuela vorbereitet, zu der die USA und Russland\ninhaltlich entgegengesetzte Resolutionen einreichen wollen. W\u00e4hrend Washington\nim einflussreichsten Gremium der Vereinten Nationen eine\nUnterst\u00fctzungserkl\u00e4rung f\u00fcr Venezuelas Opposition und die Forderung nach\nNeuwahlen durchsetzen will, wird in dem Entwurf aus Moskau Besorgnis \u00fcber die\nausl\u00e4ndische Einmischung in die inneren Angelegenheiten des s\u00fcdamerikanischen\nLandes ge\u00e4u\u00dfert. Der Sicherheitsrat solle alle Initiativen unterst\u00fctzen, die\neine von den Venezolanern gefundene politische L\u00f6sung unterst\u00fctzen\u00ab. Ob und\nwann die Dokumente in New York zur Abstimmung gestellt werden, ist offen.<\/p>\n\n\n\n<p>China hat am Mittwoch einen Bericht des <em>Wall\nStreet Journal<\/em> zur\u00fcckgewiesen, wonach sich Unterh\u00e4ndler Beijings in\nWashington mit Vertretern Guaid\u00f3s getroffen h\u00e4tten, um \u00fcber die Sicherheit der\nchinesischen Investitionen in Venezuela zu sprechen. \u00bbDer Bericht ist falsch,\ndas sind Fake News\u00ab, sagte die Sprecherin des Au\u00dfenministeriums, Hua Chunying.<\/p>\n\n\n\n<p><em>junge Welt, 14. Februar 2019<\/em><\/p>\n","protected":false,"gt_translate_keys":[{"key":"rendered","format":"html"}]},"excerpt":{"rendered":"<p>Von Andr\u00e9 Scheer Unterschriftenlisten liegen auch in der Botschaft Venezuelas (Schillstr. 10, 10785 Berlin) aus und k\u00f6nnen w\u00e4hrend der regul\u00e4ren \u00d6ffnungszeiten (Mo.\u2013Fr. von 9 bis 12 Uhr und 14 bis&hellip;<\/p>\n","protected":false,"gt_translate_keys":[{"key":"rendered","format":"html"}]},"author":1,"featured_media":0,"comment_status":"open","ping_status":"open","sticky":false,"template":"","format":"standard","meta":{"footnotes":""},"categories":[11],"tags":[276,274],"class_list":["post-653","post","type-post","status-publish","format-standard","hentry","category-politik","tag-maduro","tag-venezuela"],"gt_translate_keys":[{"key":"link","format":"url"}],"_links":{"self":[{"href":"https:\/\/andreastriebel.de\/index.php?rest_route=\/wp\/v2\/posts\/653","targetHints":{"allow":["GET"]}}],"collection":[{"href":"https:\/\/andreastriebel.de\/index.php?rest_route=\/wp\/v2\/posts"}],"about":[{"href":"https:\/\/andreastriebel.de\/index.php?rest_route=\/wp\/v2\/types\/post"}],"author":[{"embeddable":true,"href":"https:\/\/andreastriebel.de\/index.php?rest_route=\/wp\/v2\/users\/1"}],"replies":[{"embeddable":true,"href":"https:\/\/andreastriebel.de\/index.php?rest_route=%2Fwp%2Fv2%2Fcomments&post=653"}],"version-history":[{"count":3,"href":"https:\/\/andreastriebel.de\/index.php?rest_route=\/wp\/v2\/posts\/653\/revisions"}],"predecessor-version":[{"id":690,"href":"https:\/\/andreastriebel.de\/index.php?rest_route=\/wp\/v2\/posts\/653\/revisions\/690"}],"wp:attachment":[{"href":"https:\/\/andreastriebel.de\/index.php?rest_route=%2Fwp%2Fv2%2Fmedia&parent=653"}],"wp:term":[{"taxonomy":"category","embeddable":true,"href":"https:\/\/andreastriebel.de\/index.php?rest_route=%2Fwp%2Fv2%2Fcategories&post=653"},{"taxonomy":"post_tag","embeddable":true,"href":"https:\/\/andreastriebel.de\/index.php?rest_route=%2Fwp%2Fv2%2Ftags&post=653"}],"curies":[{"name":"wp","href":"https:\/\/api.w.org\/{rel}","templated":true}]}}