{"id":665,"date":"2019-02-17T20:32:26","date_gmt":"2019-02-17T19:32:26","guid":{"rendered":"http:\/\/andreastriebel.de\/?p=665"},"modified":"2019-02-18T18:21:34","modified_gmt":"2019-02-18T17:21:34","slug":"%ef%bb%bf%ef%bb%bfwie-bertelsmann-fuer-das-weltwirtschaftsforum-die-willkommenskultur-in-deutschland-etablieren-half-teil-1","status":"publish","type":"post","link":"https:\/\/andreastriebel.de\/?p=665","title":{"rendered":"\ufeff\ufeffWie Bertelsmann f\u00fcr das Weltwirtschaftsforum die Willkommenskultur in Deutschland etablieren half &#8211; Teil 1","gt_translate_keys":[{"key":"rendered","format":"text"}]},"content":{"rendered":"\n<p>13.12.2018 | Norbert H\u00e4hring | <a href=\"http:\/\/norberthaering.de\/de\/27-german\/news\/1081-bertelsmann-willkommenskultur\">http:\/\/norberthaering.de<\/a>&nbsp;|<\/p>\n\n\n\n<figure class=\"wp-block-embed is-type-rich is-provider-dr-andreas-triebel\"><div class=\"wp-block-embed__wrapper\">\n<blockquote class=\"wp-embedded-content\" data-secret=\"BBckvGnykj\"><a href=\"https:\/\/andreastriebel.de\/?p=667\">How Bertelsmann helped establish a welcome culture in Germany for the World Economic Forum &#8211; Part 1<\/a><\/blockquote><iframe loading=\"lazy\" class=\"wp-embedded-content\" sandbox=\"allow-scripts\" security=\"restricted\" style=\"position: absolute; clip: rect(1px, 1px, 1px, 1px);\" title=\"&#8222;How Bertelsmann helped establish a welcome culture in Germany for the World Economic Forum &#8211; Part 1&#8220; &#8212; Dr. Andreas Triebel\" src=\"https:\/\/andreastriebel.de\/?p=667&#038;embed=true#?secret=UTdXkGkHW4#?secret=BBckvGnykj\" data-secret=\"BBckvGnykj\" width=\"317\" height=\"200\" frameborder=\"0\" marginwidth=\"0\" marginheight=\"0\" scrolling=\"no\"><\/iframe>\n<\/div><\/figure>\n\n\n\n<p>Das Weltwirtschaftsforum der internationalen Gro\u00dfkonzerne hat den globalen Migrationspakt entscheidend vorangetrieben und beeinflusst. Dabei ging es dem Forum vor allem darum, ein positives Bild von Migration in der \u00d6ffentlichkeit \u2013 eine Willkommenskultur \u2013 zu etablieren, weil man durch Migrationsf\u00f6rderung Zugriff auf ein gr\u00f6\u00dferes, billigeres Arbeitskr\u00e4ftepotential bekommen wollte. Dar\u00fcber hatte ich schon <a href=\"http:\/\/norberthaering.de\/de\/27-german\/news\/997-migrationsabkommen-2\">geschrieben<\/a>. Jetzt soll es darum gehen, wer das in Deutschland umsetzte.<\/p>\n\n\n\n<p>Das Weltwirtschaftsforum hatte mindestens seit 2009 einen Global Agenda Council on Migration, dessen Aufgabe unter anderem war, die Migrationspolitik der Vereinten Nationen im Sinne der Konzerne zu beeinflussen. Es gelang dem Weltwirtschaftsforum zum institutionalisierten Teil des Beratungsprozesses zu werden. Die mit der UN assoziierte Internationale Organisation f\u00fcr Migration (IOM) war Teil des Global Agenda Council des Weltwirtschaftsforum. Dieser kam 2013 mit einer Studie heraus mit dem Titel \u201eThe Business Case for Migration\u201c (Warum Migration gut f\u00fcr\u2019s Gesch\u00e4ft ist).<\/p>\n\n\n\n<p>In Erf\u00fcllung eines Auftrags der UN lieferte die IOM 2013 ihre Empfehlungen f\u00fcr den High Level Dialog der UN zur Migration ab, kurz nach dem Jahrestreffen des Weltwirtschaftsforums in Davos. Vieles aus dem \u201eBusiness Case for Migration\u201c findet sich darin wieder, darunter Empfehlung Nr. 1, die \u00f6ffentliche Wahrnehmung und Diskussion dahingehend zu drehen, dass Zuwanderung f\u00fcr Ziell\u00e4nder kein Problem, sondern ein Gewinn ist.<\/p>\n\n\n\n<p>Einer der 1000 \u201ePartner\u201c, die das Weltwirtschaftsforum finanzieren, ist Bertelsmann. Die <a href=\"https:\/\/www.bertelsmann-stiftung.de\/de\/presse\/pressemitteilungen\/pressemitteilung\/pid\/prof-klaus-schwab-gruender-des-weltwirtschaftsforums-in-genf-bekommt-reinhard-mohn-preis-2016\/\" target=\"_blank\" rel=\"noreferrer noopener\">Bertelsmann Stiftung zeichnete 2016<\/a> den Gr\u00fcnder des Weltwirtschaftsforums, Klaus Schwab, mit dem mit 200.000 Euro dotierten Reinhard Mohn Preis aus.<\/p>\n\n\n\n<p>Im gleichen Jahr, in dem das Weltwirtschaftsforum den \u201eBusiness Case for Migration\u201c ver\u00f6ffentlichte, &nbsp;brachte die in Deutschland politisch extrem einflussreiche Bertelsmann Stiftung ein Buch heraus mit dem sch\u00f6nen Titel: \u201e<a href=\"https:\/\/www.bertelsmann-stiftung.de\/fileadmin\/files\/BSt\/Publikationen\/imported\/leseprobe\/LP_978-3-86793-486-2_1.pdf\" target=\"_blank\" rel=\"noreferrer noopener\">Deutschland \u00f6ffne dich! Willkommenskultur und Vielfalt in der Mitte der Gesellschaft verankern<\/a>.\u201c Erster Satz ist:<\/p>\n\n\n\n<blockquote class=\"wp-block-quote is-layout-flow wp-block-quote-is-layout-flow\"><p>\u201eDeutschland ist eine Einwanderungsgesellschaft.\u201c<\/p><\/blockquote>\n\n\n\n<p>Im Vorwort schreibt Stiftungsvorstand J\u00f6rg Dr\u00e4ger, aus demographischen Gr\u00fcnden m\u00fcsse Deutschland mehr Fachkr\u00e4fte ins Land holen, und zwar nicht nur Akademiker, sondern auch Kr\u00e4fte im Pflege- und Dienstleistungsbereich. Deshalb m\u00fcsse der Weg zu einer Willkommenskultur aktiv gestaltet werden.<\/p>\n\n\n\n<blockquote class=\"wp-block-quote is-layout-flow wp-block-quote-is-layout-flow\"><p>\u201eGanz wesentlich f\u00fcr weithin akzeptierte gesellschaftliche Vielfalt ist ein neues, positiv besetztes Bild von Migrantinnen und Migranten, n\u00e4mlich als Zuwanderer, die unsere Gesellschaft bereichern.\u201c<\/p><\/blockquote>\n\n\n\n<p>Daf\u00fcr reichten kluge Politiken und Instrumente in der Migrations- und Integrationsgestaltung allein nicht aus. Zus\u00e4tzlich m\u00fcssten positive Bilder von Vielfalt in der Bev\u00f6lkerung verankert werden.<\/p>\n\n\n\n<p>Im Kapitel \u201eNachholbedarf: Vom Einwanderungsland wider Willen zu einem Land mit Willkommenskultur\u201c schreiben Ulrich Kober und Rita S\u00fcssmuth:<\/p>\n\n\n\n<blockquote class=\"wp-block-quote is-layout-flow wp-block-quote-is-layout-flow\"><p>\u201eDie Debatte um den Fachkr\u00e4ftemangel ist der Kontext, in dem die Rede von der Willkommenskultur in den letzten Jahren entstanden ist.\u201c<\/p><\/blockquote>\n\n\n\n<p>Auch der Gr\u00fcnder des Migration Policy Institute in Washington und Br\u00fcssel und Vorsitzender des Global Agenda Council on Migration des Weltwirtschaftsforums von 2009 bis 2011, Demetrios Papademetrioum darf ein Kapitel beisteuern. Der in den Br\u00fcsseler und Washingtoner Regierungsszenen bestens vernetzte Herr ist au\u00dferdem noch Chef des <a href=\"https:\/\/www.migrationpolicy.org\/programs\/transatlantic-council-migration\/about\" target=\"_blank\" rel=\"noreferrer noopener\">Transatlantic Council on Migration<\/a>, der sich die \u201eErmutigung und F\u00f6rderung gr\u00f6\u00dferer Mobilit\u00e4t\u201c zur Aufgabe gemacht hat und unter anderem von der Bertelsmann Stiftung, der Bundesregierung und dem Open Society Institute gef\u00f6rdert wird.<\/p>\n\n\n\n<p>Schon im November 2011 haben Bertelsmann Stiftung und das Migration Policy Institute von Papademetriou gemeinsam eine Konferenz in Berlin ausgerichtet mit dem Titel \u201eRethinking National Identity in the Age of Migration\u201c (Nationale Identit\u00e4t im Zeitalter der Migration neu denken\u201c). Der Schlusssatz des gemeinsamen Kommuniqu\u00e9s lautet (meine \u00dcbersetzung aus dem Englischen):<\/p>\n\n\n\n<blockquote class=\"wp-block-quote is-layout-flow wp-block-quote-is-layout-flow\"><p>\u201eStaaten haben die Verantwortung, in enger Zusammenarbeit mit der Zivilgesellschaft die Grundlagen daf\u00fcr zu legen, dass Einwanderer als Menschen gesehen werden, die einen wichtigen Beitrag f\u00fcr die Gesellschaft leisten, und diese Botschaft konsistent und systematisch zu bekr\u00e4ftigen.\u201c<\/p><\/blockquote>\n\n\n\n<p>Wer m\u00f6chte, darf jetzt gern nochmal den UN-Migrationspakt, der gerade verabschiedet wurde, daraufhin durchsehen, ob ihm der Tenor bekannt vorkommt.<\/p>\n\n\n\n<p><em><a href=\"http:\/\/norberthaering.de\/de\/27-german\/news\/1082-bertelsmann-willkommenskultur-2\" target=\"_blank\" rel=\"noreferrer noopener\"><strong>Teil 2<\/strong><\/a> besch\u00e4ftigt sich mit den umfangreichen Aktivit\u00e4ten der Stiftung nach 2015.<\/em><\/p>\n\n\n\n<p><strong>Dossier zum Migrationspakt<\/strong><\/p>\n\n\n\n<p><a href=\"http:\/\/norberthaering.de\/de\/27-german\/news\/1074-migrationstheater\">Wie Seehofer und Merkel mit ihrem Sommertheater zur Migration die Deutschen zum Narren hielten<\/a> 27.11.2018<\/p>\n\n\n\n<p><a href=\"http:\/\/norberthaering.de\/de\/2-uncategorised\/1072-einwanderungsgesetz\">Erst will die Regierung den Migrationspakt annehmen und gleich darauf ein Einwanderungsgesetz, das ihm widerspricht<\/a> 22.11.2018<\/p>\n\n\n\n<p><a href=\"http:\/\/norberthaering.de\/de\/27-german\/news\/1068-vogler\">Die Diskussion in der Linken um den Migrationspakt kommt in Gang \u2013 sie ist ziemlich schmutzig<\/a> 14.11.2018<\/p>\n\n\n\n<p><a href=\"http:\/\/norberthaering.de\/de\/27-german\/news\/1067-antwort-sargnagel\">Meine Antwort auf die Kritik von Jules El-Khatib, Sofia Leonidakis, Niema Movassat, und Igor Gvozden von der Linken an meinem Sargnagel-Text<\/a> 13.11.218<\/p>\n\n\n\n<p><a href=\"http:\/\/norberthaering.de\/de\/27-german\/news\/1066-sargnagel\">Linke, die gern Erf\u00fcllungsgehilfen des Kapitals sein wollen &#8211; aber bitte mit Haltung (mit Nachtrag zu Telepolis)<\/a> 12.11.2018<\/p>\n\n\n\n<p><a href=\"http:\/\/norberthaering.de\/de\/27-german\/news\/1049-migrationsabkommen-sargnagel\">Das Migrationsabkommen als letzter Sargnagel f\u00fcr die linken Parteien<\/a> 24.10.2018<\/p>\n\n\n\n<p><a href=\"http:\/\/norberthaering.de\/de\/27-german\/news\/1060-aa-migrationsabkommen\">Wie Regierung und Tagesschau den Migrationspakt sch\u00f6nl\u00fcgen und die &#8222;Faktenfinder&#8220; nicht einmal suchen<\/a> 02.11.2018<\/p>\n\n\n\n<p><a href=\"http:\/\/norberthaering.de\/de\/27-german\/news\/1051-migration-ard-zdf\">Das Migrationsabkommen in ARD und ZDF, bzw. NICHT in ARD und ZDF<\/a> 28.10.2018<\/p>\n\n\n\n<p><a href=\"http:\/\/norberthaering.de\/de\/27-german\/news\/996-migrationsabkommen\">Wozu sich Deutschland mit dem UN-Migrationsabkommen wirklich verpflichtet und was das Weltwirtschaftsforum damit zu tun hat<\/a> 19.07.2018<\/p>\n\n\n\n<p><a href=\"http:\/\/norberthaering.de\/de\/27-german\/news\/997-migrationsabkommen-2\">Migrationsabkommen Teil II: Was das Weltwirtschaftsforum mit dem UN-Migrationsabkommen zu tun hat<\/a> 21.07.2018<\/p>\n\n\n\n<p><a href=\"http:\/\/norberthaering.de\/de\/27-german\/news\/995-hank-sozialnazis\">Nach Jakob Augstein jetzt auch Rainer Hank: Sozialstaat ist voll Nazi<\/a> 16.7.2018<\/p>\n\n\n\n<p><a href=\"http:\/\/norberthaering.de\/de\/27-german\/news\/958-wef-migration\">Warum Migration gut f\u00fcrs Gesch\u00e4ft ist: Das Weltwirtschaftsforum und die Willkommenskultur<\/a> 05.03.2018<\/p>\n\n\n\n<p>&#8222;Was wenn Sie Ihren eigenen Immigranten haben k\u00f6nnten?&#8220;: <a href=\"http:\/\/norberthaering.de\/de\/27-german\/news\/950-politico\">Politico ver\u00f6ffentlicht Pl\u00e4doyer f\u00fcr Wiedereinf\u00fchrung der Sklaverei<\/a> 16.2.2018<\/p>\n","protected":false,"gt_translate_keys":[{"key":"rendered","format":"html"}]},"excerpt":{"rendered":"<p>13.12.2018 | Norbert H\u00e4hring | http:\/\/norberthaering.de&nbsp;| Das Weltwirtschaftsforum der internationalen Gro\u00dfkonzerne hat den globalen Migrationspakt entscheidend vorangetrieben und beeinflusst. Dabei ging es dem Forum vor allem darum, ein positives Bild&hellip;<\/p>\n","protected":false,"gt_translate_keys":[{"key":"rendered","format":"html"}]},"author":1,"featured_media":0,"comment_status":"open","ping_status":"open","sticky":false,"template":"","format":"standard","meta":{"footnotes":""},"categories":[45,11,13],"tags":[266,278,281,75,282,280,279],"class_list":["post-665","post","type-post","status-publish","format-standard","hentry","category-gesellschaft","category-politik","category-wirtschaft","tag-arbeitskraft","tag-bertelsmann","tag-fachkraeftemangel","tag-migration","tag-migrationspakt","tag-weltwirtschaftsforum","tag-willkommenskultur"],"gt_translate_keys":[{"key":"link","format":"url"}],"_links":{"self":[{"href":"https:\/\/andreastriebel.de\/index.php?rest_route=\/wp\/v2\/posts\/665","targetHints":{"allow":["GET"]}}],"collection":[{"href":"https:\/\/andreastriebel.de\/index.php?rest_route=\/wp\/v2\/posts"}],"about":[{"href":"https:\/\/andreastriebel.de\/index.php?rest_route=\/wp\/v2\/types\/post"}],"author":[{"embeddable":true,"href":"https:\/\/andreastriebel.de\/index.php?rest_route=\/wp\/v2\/users\/1"}],"replies":[{"embeddable":true,"href":"https:\/\/andreastriebel.de\/index.php?rest_route=%2Fwp%2Fv2%2Fcomments&post=665"}],"version-history":[{"count":7,"href":"https:\/\/andreastriebel.de\/index.php?rest_route=\/wp\/v2\/posts\/665\/revisions"}],"predecessor-version":[{"id":686,"href":"https:\/\/andreastriebel.de\/index.php?rest_route=\/wp\/v2\/posts\/665\/revisions\/686"}],"wp:attachment":[{"href":"https:\/\/andreastriebel.de\/index.php?rest_route=%2Fwp%2Fv2%2Fmedia&parent=665"}],"wp:term":[{"taxonomy":"category","embeddable":true,"href":"https:\/\/andreastriebel.de\/index.php?rest_route=%2Fwp%2Fv2%2Fcategories&post=665"},{"taxonomy":"post_tag","embeddable":true,"href":"https:\/\/andreastriebel.de\/index.php?rest_route=%2Fwp%2Fv2%2Ftags&post=665"}],"curies":[{"name":"wp","href":"https:\/\/api.w.org\/{rel}","templated":true}]}}