{"id":754,"date":"2019-04-28T14:49:09","date_gmt":"2019-04-28T12:49:09","guid":{"rendered":"http:\/\/andreastriebel.de\/?p=754"},"modified":"2019-05-04T14:36:10","modified_gmt":"2019-05-04T12:36:10","slug":"welcher-politiker-ist-widerlicher","status":"publish","type":"post","link":"https:\/\/andreastriebel.de\/?p=754","title":{"rendered":"Welcher Politiker ist widerlicher?","gt_translate_keys":[{"key":"rendered","format":"text"}]},"content":{"rendered":"\n<p>Lindner redete auf dem Parteitag der FDP von den Fahrverboten f\u00fcr Dieselfahrer und beklagte, dass sich \u00e4rmere Autofahrer kein neues Auto leisten k\u00f6nnten und Fahrverbote daher abzulehnen seien. L\u00e4sst sich diese Heuchelei noch \u00fcbertreffen? Wohl kaum. Aber diese Leute kommen damit durch, die Delegierten haben auch noch geklatscht. Was f\u00fcr ein verkommener Haufen!<\/p>\n\n\n\n<p>Und Wirtschaftsminister Altmaier will den Mindestlohn f\u00fcr Paketboten nicht durchsetzen. Das w\u00fcrde der &#8222;Wirtschaft&#8220; schaden und den Aufschwung behindern. Ist der Mann wirklich so beschr\u00e4nkt oder tut er nur so? Der Streit um die Wohlfahrt Deutschlands w\u00fcrde also auf dem R\u00fccken der Besch\u00e4ftigten im Niedriglohnsektor  ausgetragen. Wer glaubt denn so etwas? Und wem w\u00e4re das nicht peinlich? Aber so lange sie gew\u00e4hlt werden,  erz\u00e4hlen diese Leute den gr\u00f6\u00dften Unsinn und sind dabei v\u00f6llig schmerzfrei.<\/p>\n\n\n\n<p>Und wenn Wahlen n\u00e4her r\u00fccken, befragen sie Marketing- Fachleute, denen nichts Besseres einf\u00e4llt als Schlagworte:&#8220;Miteinander, Zusammenhalt, Frieden&#8220; in der Annahme, dass einf\u00e4ltige Gem\u00fcter darauf herein fallen.<\/p>\n\n\n\n<p>Und die CDU- Granden m\u00f6chten die Freitags- Demonstrationen der Sch\u00fcler am liebsten verbieten. Diese w\u00fcrden doch nur die Schule schw\u00e4nzen wollen. Nat\u00fcrlich wollen die CDU- Leute die Kohle weiter verstromen und das Klima besch\u00e4digen.  Wie die j\u00fcngere Generation leiden wird, ist ihnen egal. Ganz abgesehen von den AfD- Leuten, die den Klimawandel gleich ganz leugnen.<\/p>\n\n\n\n<p>Was f\u00fcr ein erb\u00e4rmliches Niveau hat die politische Debatte in Deutschland! Sie spotten \u00fcber Trump und sind selber nicht besser.<\/p>\n\n\n\n<p><\/p>\n","protected":false,"gt_translate_keys":[{"key":"rendered","format":"html"}]},"excerpt":{"rendered":"<p>Lindner redete auf dem Parteitag der FDP von den Fahrverboten f\u00fcr Dieselfahrer und beklagte, dass sich \u00e4rmere Autofahrer kein neues Auto leisten k\u00f6nnten und Fahrverbote daher abzulehnen seien. L\u00e4sst sich&hellip;<\/p>\n","protected":false,"gt_translate_keys":[{"key":"rendered","format":"html"}]},"author":1,"featured_media":0,"comment_status":"open","ping_status":"open","sticky":false,"template":"","format":"standard","meta":{"footnotes":""},"categories":[45,11],"tags":[16,301,176,302,60,155,171],"class_list":["post-754","post","type-post","status-publish","format-standard","hentry","category-gesellschaft","category-politik","tag-afd","tag-altmaier","tag-cdu","tag-fahrverbote","tag-fdp","tag-lindner","tag-mindestloehne"],"gt_translate_keys":[{"key":"link","format":"url"}],"_links":{"self":[{"href":"https:\/\/andreastriebel.de\/index.php?rest_route=\/wp\/v2\/posts\/754","targetHints":{"allow":["GET"]}}],"collection":[{"href":"https:\/\/andreastriebel.de\/index.php?rest_route=\/wp\/v2\/posts"}],"about":[{"href":"https:\/\/andreastriebel.de\/index.php?rest_route=\/wp\/v2\/types\/post"}],"author":[{"embeddable":true,"href":"https:\/\/andreastriebel.de\/index.php?rest_route=\/wp\/v2\/users\/1"}],"replies":[{"embeddable":true,"href":"https:\/\/andreastriebel.de\/index.php?rest_route=%2Fwp%2Fv2%2Fcomments&post=754"}],"version-history":[{"count":6,"href":"https:\/\/andreastriebel.de\/index.php?rest_route=\/wp\/v2\/posts\/754\/revisions"}],"predecessor-version":[{"id":765,"href":"https:\/\/andreastriebel.de\/index.php?rest_route=\/wp\/v2\/posts\/754\/revisions\/765"}],"wp:attachment":[{"href":"https:\/\/andreastriebel.de\/index.php?rest_route=%2Fwp%2Fv2%2Fmedia&parent=754"}],"wp:term":[{"taxonomy":"category","embeddable":true,"href":"https:\/\/andreastriebel.de\/index.php?rest_route=%2Fwp%2Fv2%2Fcategories&post=754"},{"taxonomy":"post_tag","embeddable":true,"href":"https:\/\/andreastriebel.de\/index.php?rest_route=%2Fwp%2Fv2%2Ftags&post=754"}],"curies":[{"name":"wp","href":"https:\/\/api.w.org\/{rel}","templated":true}]}}