{"id":783,"date":"2019-05-31T11:29:48","date_gmt":"2019-05-31T09:29:48","guid":{"rendered":"http:\/\/andreastriebel.de\/?p=783"},"modified":"2019-07-25T20:44:13","modified_gmt":"2019-07-25T18:44:13","slug":"margrethe-vestager-eine-gute-praesidentin-der-kommission","status":"publish","type":"post","link":"https:\/\/andreastriebel.de\/?p=783","title":{"rendered":"Margrethe Vestager, eine gute Pr\u00e4sidentin der EU- Kommission","gt_translate_keys":[{"key":"rendered","format":"text"}]},"content":{"rendered":"\n<p>Frau Vestager hat in D\u00e4nemark eine Begrenzung der Sozialausgaben auf niedrigem Niveau durchgesetzt. Mit freundlichem Gesicht aber durchsetzungsstark hat sie auch in D\u00e4nemark das auch in Deutschland bekannte Prinzip des &#8222;Forderns und F\u00f6rderns&#8220; eingef\u00fchrt: Arbeitslose m\u00fcssen f\u00fcr einen Euro Stundenlohn arbeiten. <\/p>\n\n\n\n<p>Sie war daf\u00fcr , den Griechen zu zeigen, dass sie hungern m\u00fcssen, wenn sie sich nicht dem Diktat der EU und der Finanzm\u00e4rkte unterwerfen. Auch gegen Italien wird sie mithelfen das Austerit\u00e4tsdiktat durch zu setzen.  Auf nationaler Ebene sollten allen Besch\u00e4ftigten klar sein, dass sie entlassen werden, wenn sie mehr als den Durchschnittslohn verlangen. Die EU- Rechtsprechung gibt den Konzernen daf\u00fcr alle Vollmachten. Die Wanderung von Nokia von einem Land in das jeweils n\u00e4chste, das noch niedrigere L\u00f6hne erm\u00f6glichte, war ganz im Sinne der liberalen Richtlinien.  Denn die EU gr\u00fcndet auf den vier Pfeilern der Freiz\u00fcgigkeit von Waren und Kapital, Arbeitskr\u00e4ften und Dienstleistungen. Nur so ist die Erschlie\u00dfung des Arbeitskr\u00e4ftereservoirs aus S\u00fcdosteuropa zur  Vergr\u00f6\u00dferung  des Potentials f\u00fcr die Akkumulation des Kapitals m\u00f6glich <\/p>\n\n\n\n<p>Aber auch um die internationale Ausdehnung der europ\u00e4ischen Kapitalinteressen war Vestager besorgt und legte sich ein wenig mit amerikanischen Monopolen an.<\/p>\n\n\n\n<p>Daher ist sie eine gute Besetzung f\u00fcr den Posten des Kommissionpr\u00e4sidenten oder Vizepr\u00e4sidenten.<\/p>\n\n\n\n<p><\/p>\n","protected":false,"gt_translate_keys":[{"key":"rendered","format":"html"}]},"excerpt":{"rendered":"<p>Frau Vestager hat in D\u00e4nemark eine Begrenzung der Sozialausgaben auf niedrigem Niveau durchgesetzt. Mit freundlichem Gesicht aber durchsetzungsstark hat sie auch in D\u00e4nemark das auch in Deutschland bekannte Prinzip des&hellip;<\/p>\n","protected":false,"gt_translate_keys":[{"key":"rendered","format":"html"}]},"author":1,"featured_media":0,"comment_status":"open","ping_status":"open","sticky":false,"template":"","format":"standard","meta":{"footnotes":""},"categories":[11,13],"tags":[123,307,306,308],"class_list":["post-783","post","type-post","status-publish","format-standard","hentry","category-politik","category-wirtschaft","tag-eu","tag-freizuegigkeit","tag-margrethe-vestager","tag-nokia"],"gt_translate_keys":[{"key":"link","format":"url"}],"_links":{"self":[{"href":"https:\/\/andreastriebel.de\/index.php?rest_route=\/wp\/v2\/posts\/783","targetHints":{"allow":["GET"]}}],"collection":[{"href":"https:\/\/andreastriebel.de\/index.php?rest_route=\/wp\/v2\/posts"}],"about":[{"href":"https:\/\/andreastriebel.de\/index.php?rest_route=\/wp\/v2\/types\/post"}],"author":[{"embeddable":true,"href":"https:\/\/andreastriebel.de\/index.php?rest_route=\/wp\/v2\/users\/1"}],"replies":[{"embeddable":true,"href":"https:\/\/andreastriebel.de\/index.php?rest_route=%2Fwp%2Fv2%2Fcomments&post=783"}],"version-history":[{"count":6,"href":"https:\/\/andreastriebel.de\/index.php?rest_route=\/wp\/v2\/posts\/783\/revisions"}],"predecessor-version":[{"id":848,"href":"https:\/\/andreastriebel.de\/index.php?rest_route=\/wp\/v2\/posts\/783\/revisions\/848"}],"wp:attachment":[{"href":"https:\/\/andreastriebel.de\/index.php?rest_route=%2Fwp%2Fv2%2Fmedia&parent=783"}],"wp:term":[{"taxonomy":"category","embeddable":true,"href":"https:\/\/andreastriebel.de\/index.php?rest_route=%2Fwp%2Fv2%2Fcategories&post=783"},{"taxonomy":"post_tag","embeddable":true,"href":"https:\/\/andreastriebel.de\/index.php?rest_route=%2Fwp%2Fv2%2Ftags&post=783"}],"curies":[{"name":"wp","href":"https:\/\/api.w.org\/{rel}","templated":true}]}}