{"id":822,"date":"2019-06-30T17:24:55","date_gmt":"2019-06-30T15:24:55","guid":{"rendered":"http:\/\/andreastriebel.de\/?p=822"},"modified":"2019-06-30T17:24:55","modified_gmt":"2019-06-30T15:24:55","slug":"fachkraeftemangel","status":"publish","type":"post","link":"https:\/\/andreastriebel.de\/?p=822","title":{"rendered":"Fachkr\u00e4ftemangel","gt_translate_keys":[{"key":"rendered","format":"text"}]},"content":{"rendered":"\n<p><strong>Kolonialmacht Deutschland<\/strong><\/p>\n\n\n\n<p>Die Medien sprechen von Fachkr\u00e4ftemangel, als ob sie die Lobby der Industriekonzerne w\u00e4ren. Tats\u00e4chlich meinen die Sprecher der Industrieverb\u00e4nde aber: Wir sind nicht bereit h\u00f6here L\u00f6hne zu zahlen. Uns ist jede Arbeitskraft recht, die mit Niedrigl\u00f6hnen auskommt. Und wenn es indische IT- Arbeiter  sind oder polnische Altenpflegerinnen, Hauptsache, die L\u00f6hne sind so gering, wie m\u00f6glich. Also m\u00fcssen rum\u00e4nische Fleischfacharbeiter in Containern wohnen und f\u00fcr einen Stundenlohn f\u00fcr f\u00fcnf Euro arbeiten und Paketboten afrikanischer Abstammung in einer f\u00fcnfzig- oder sechzig- Stundenwoche ihr Pensum abarbeiten. Und wenn sich Widerstand regt und die Arbeitskr\u00e4fte mit f\u00fcnfzig Jahren gesundheitlich ruiniert sind, hei\u00dft es, &#8222;Fachkr\u00e4ftemangel&#8220;.<\/p>\n\n\n\n<p>Und der Wirtschaftsminister beschw\u00f6rt in dreister Weise die Gef\u00e4hrdung  der deutschen Wirtschaft, wenn auch die Paketboten wenigstens den Mindestlohn erhalten sollen. Und die Parteien, allen voran die FDP, wollen die Einwanderung gesetzlich regeln. So soll als Integration von Fachkr\u00e4ften getarnt werden, was in Wirklichkeit Lohndumping ist.<\/p>\n\n\n\n<p>R\u00fccksichtslos werden Osteuropas Gesundheitssysteme durch die Abwanderung ruiniert. Die EU- Kommission nennt das &#8222;Freiz\u00fcgigkeit&#8220;.<\/p>\n\n\n\n<p>Nach der Auspl\u00fcnderung der Bodensch\u00e4tze Afrikas hat auch das Abwerben der intellektuellen Reserven dieses Kontinents begonnen. Dass die Ausbildungskosten bei den Herkunftsl\u00e4ndern bleiben, interessiert niemanden. Mit der &#8222;Kolonisierung 4.0&#8220; geh\u00f6rt Deutschland wieder zu den Kolonialm\u00e4chten.<\/p>\n\n\n\n<p>Deutschland hat es in der Anwerbung von billigen Arbeitskr\u00e4ften zu besonderer Meisterschaft gebracht. Diesen Vorteil hat Deutschland genutzt, um den anderen EU- L\u00e4ndern seinen Austerit\u00e4tskurs aufzuzwingen und die politische F\u00fchrung zu \u00fcbernehmen.<\/p>\n\n\n\n<p>Das eigene Volk wird ruhig gehalten, denn jeder wei\u00df, dass sofort ein anderer seinen Job \u00fcbernimmt, wenn er aufbegehrt. Der oberen Mittelklasse ist es recht, solange es gut geht.<\/p>\n\n\n\n<p>Und die Medien f\u00fchlen sich wohl, wenn sie die Ideologie des gehobenen B\u00fcrgertums verbreiten. Solange gibt es die Pressefreiheit und die Medien werden als &#8222;Eckpfeiler der freiheitlich, demokratischen Grundordnung&#8220; bezeichnet.<\/p>\n\n\n\n<p><\/p>\n\n\n\n<p><\/p>\n","protected":false,"gt_translate_keys":[{"key":"rendered","format":"html"}]},"excerpt":{"rendered":"<p>Kolonialmacht Deutschland Die Medien sprechen von Fachkr\u00e4ftemangel, als ob sie die Lobby der Industriekonzerne w\u00e4ren. Tats\u00e4chlich meinen die Sprecher der Industrieverb\u00e4nde aber: Wir sind nicht bereit h\u00f6here L\u00f6hne zu zahlen.&hellip;<\/p>\n","protected":false,"gt_translate_keys":[{"key":"rendered","format":"html"}]},"author":1,"featured_media":0,"comment_status":"open","ping_status":"open","sticky":false,"template":"","format":"standard","meta":{"footnotes":""},"categories":[45,11],"tags":[311,123,310,307],"class_list":["post-822","post","type-post","status-publish","format-standard","hentry","category-gesellschaft","category-politik","tag-demokratische-grundordnung","tag-eu","tag-freiheitlich","tag-freizuegigkeit"],"gt_translate_keys":[{"key":"link","format":"url"}],"_links":{"self":[{"href":"https:\/\/andreastriebel.de\/index.php?rest_route=\/wp\/v2\/posts\/822","targetHints":{"allow":["GET"]}}],"collection":[{"href":"https:\/\/andreastriebel.de\/index.php?rest_route=\/wp\/v2\/posts"}],"about":[{"href":"https:\/\/andreastriebel.de\/index.php?rest_route=\/wp\/v2\/types\/post"}],"author":[{"embeddable":true,"href":"https:\/\/andreastriebel.de\/index.php?rest_route=\/wp\/v2\/users\/1"}],"replies":[{"embeddable":true,"href":"https:\/\/andreastriebel.de\/index.php?rest_route=%2Fwp%2Fv2%2Fcomments&post=822"}],"version-history":[{"count":1,"href":"https:\/\/andreastriebel.de\/index.php?rest_route=\/wp\/v2\/posts\/822\/revisions"}],"predecessor-version":[{"id":823,"href":"https:\/\/andreastriebel.de\/index.php?rest_route=\/wp\/v2\/posts\/822\/revisions\/823"}],"wp:attachment":[{"href":"https:\/\/andreastriebel.de\/index.php?rest_route=%2Fwp%2Fv2%2Fmedia&parent=822"}],"wp:term":[{"taxonomy":"category","embeddable":true,"href":"https:\/\/andreastriebel.de\/index.php?rest_route=%2Fwp%2Fv2%2Fcategories&post=822"},{"taxonomy":"post_tag","embeddable":true,"href":"https:\/\/andreastriebel.de\/index.php?rest_route=%2Fwp%2Fv2%2Ftags&post=822"}],"curies":[{"name":"wp","href":"https:\/\/api.w.org\/{rel}","templated":true}]}}