{"id":849,"date":"2019-07-26T22:12:46","date_gmt":"2019-07-26T20:12:46","guid":{"rendered":"http:\/\/andreastriebel.de\/?p=849"},"modified":"2019-08-05T21:27:45","modified_gmt":"2019-08-05T19:27:45","slug":"die-spd-zum-anhaengsel-der-cdu-degeneriert","status":"publish","type":"post","link":"https:\/\/andreastriebel.de\/?p=849","title":{"rendered":"Die SPD, zum Anh\u00e4ngsel der CDU degeneriert","gt_translate_keys":[{"key":"rendered","format":"text"}]},"content":{"rendered":"\n<p><\/p>\n\n\n\n<figure class=\"wp-block-embed-wordpress wp-block-embed is-type-wp-embed is-provider-dr-andreas-triebel\"><div class=\"wp-block-embed__wrapper\">\n<blockquote class=\"wp-embedded-content\" data-secret=\"1IoA2RQYcm\"><a href=\"https:\/\/andreastriebel.de\/?p=868\">The SPD, degenerated to a CDU appendage<\/a><\/blockquote><iframe loading=\"lazy\" class=\"wp-embedded-content\" sandbox=\"allow-scripts\" security=\"restricted\" style=\"position: absolute; clip: rect(1px, 1px, 1px, 1px);\" title=\"&#8222;The SPD, degenerated to a CDU appendage&#8220; &#8212; Dr. Andreas Triebel\" src=\"https:\/\/andreastriebel.de\/?p=868&#038;embed=true#?secret=p6McHmuwx4#?secret=1IoA2RQYcm\" data-secret=\"1IoA2RQYcm\" width=\"317\" height=\"200\" frameborder=\"0\" marginwidth=\"0\" marginheight=\"0\" scrolling=\"no\"><\/iframe>\n<\/div><\/figure>\n\n\n\n<p>Langsam wird die SPD der CDU l\u00e4stig. Statt die Erh\u00f6hung der R\u00fcstungsausgaben zu begr\u00fc\u00dfen, n\u00f6rgelt der Fraktionsvorsitzende M\u00fctzenich \u00fcber die H\u00f6he der Ausgaben und die neue Ministerin wei\u00df jetzt nicht, ob sie nun grunds\u00e4tzlich unterst\u00fctzt wird oder ob Quersch\u00fcsse zu erwarten sind. Auch f\u00fcr die Auslandseins\u00e4tze der Bundeswehr ert\u00f6nt von der SPD ein kraftvolles Jein (Ja und nein). Aber Regierung und Opposition zugleich sein, das geht nicht. Die deutsche Sprache hat daher die Sprichworte:&#8220; Mitgefangen, mitgehangen&#8220; (captured with, hung with) oder &#8222;Der Hehler ist so schlimm wie der Stehler&#8220;. (the fence is as bad as the stealer.) <\/p>\n\n\n\n<p>Und Ministerin Giffey wildert jetzt auf dem Terrain der CDU: Sicherheit, Ordnung und Schutz vor Kriminalit\u00e4t liegen ihr am Herzen, alles Felder, auf denen bisher die CDU Punkte gemacht hat. Aber von anderen abschreiben, damit hat Frau Giffey ja Erfahrung.<\/p>\n\n\n\n<p>SPD- Finanzminister Scholz sieht es als seine wichtigste Aufgabe an, sich um die sogenannte schwarze Null zu k\u00fcmmern, f\u00fcr eine politische Null eine angemessene Besch\u00e4ftigung. Dabei geb\u00e4rdet er sich wie ein hanseatischer Kaufmann, nur gibt es au\u00dferhalb Hamburgs wenig Interesse daran.<\/p>\n\n\n\n<p>Die Landwirtschaftsministerin weigert sich konstant die Belastung der B\u00f6den und des Grundwassers mit G\u00fclle zu reduzieren. Der SPD ist das nicht peinlich, sie w\u00fcrde wohl genau so handeln, wenn sie dieses Ministerium inne h\u00e4tte.<\/p>\n\n\n\n<p>Der Verkehrsminister will die Belastung durch den Alpentransit den \u00d6sterreichern \u00fcberlassen und wenn diese sich wehren, unterstellt er ihnen Diskriminierung. \u00dcber die Unversch\u00e4mtheiten dieses Ministers wundert man sich nicht mehr, aber die SPD h\u00e4lt still und deckt dieses Verhalten.<\/p>\n\n\n\n<p>Und Klimaschutz: Minister Altmaier braucht blo\u00df zu sagen: jetzt nicht, die Industrie k\u00f6nnte leiden;  schon zuckt die Ministerin, Frau Schulze, zur\u00fcck: also auch hier Fehlanzeige.<\/p>\n\n\n\n<p>Die Arbeiter in Gelsenkirchen und die Bewohner der Kleinst\u00e4dte des Sauerlands haben andere Erwartungen an das politische Personal. Aber sie werden von der SPD auch nicht mehr umworben, sondern die Partei dient sich dem B\u00fcrgertum an. Nur, dort agieren schon CDU und FDP viel glaubhafter.  Und das saturierte B\u00fcrgertum, das eine Wohlf\u00fchl- Atmosph\u00e4re w\u00fcnscht, f\u00fchlt sich bei der gr\u00fcnen Partei gut aufgehoben. Also kann sich die SPD au\u00dfer ein wenig N\u00f6rgelei nichts leisten, sonst l\u00f6st die CDU sofort nach den kommenden Landtagswahlen die Koalition auf und regiert mit den Gr\u00fcnen und der FDP. Lindner hat schon, um sich in Stellung zu bringen, Frau von der Leyen umschmeichelt. Und bei Neuwahlen w\u00fcrde die SPD so wie Hollandes Partei in Frankreich in der Bedeutungslosigkeit verschwinden. <\/p>\n\n\n\n<p>Schr\u00f6der und Fischer haben die Unterklasse marginalisiert, sie haben sie als Faulpelze desavouiert und einen Aufstand von deutschen Gelbwesten vorl\u00e4ufig verhindert. Daf\u00fcr durfte die SPD eine lange Zeit Regierungssessel besetzen. FDP und Gr\u00fcne aber werden dieses Gesch\u00e4ft effektiver betreiben. Mit dem Fortschreiten der Rezession und der Zunahme von Insolvenzen und Massenentlassungen wird es kein Halten mehr geben und die Treibjagd auf die Unterklasse und Teile der Mittelklasse wieder aufleben.<\/p>\n\n\n\n<p>Seit Jahren produziert die politische Klasse nichts anderes als die politische Absicherung der finanziellen Raserei;  die Finanzoligarchie nimmt es dankend zur Kenntnis. Das Publikum aber wird mit dem spie\u00dfigen Schaulaufen bei den Wagner- Festspielen abgespeist.<\/p>\n\n\n\n<p><\/p>\n\n\n\n<p> <\/p>\n","protected":false,"gt_translate_keys":[{"key":"rendered","format":"html"}]},"excerpt":{"rendered":"<p>Langsam wird die SPD der CDU l\u00e4stig. Statt die Erh\u00f6hung der R\u00fcstungsausgaben zu begr\u00fc\u00dfen, n\u00f6rgelt der Fraktionsvorsitzende M\u00fctzenich \u00fcber die H\u00f6he der Ausgaben und die neue Ministerin wei\u00df jetzt nicht,&hellip;<\/p>\n","protected":false,"gt_translate_keys":[{"key":"rendered","format":"html"}]},"author":1,"featured_media":0,"comment_status":"open","ping_status":"open","sticky":false,"template":"","format":"standard","meta":{"footnotes":""},"categories":[11],"tags":[176,60,319,182,15],"class_list":["post-849","post","type-post","status-publish","format-standard","hentry","category-politik","tag-cdu","tag-fdp","tag-giffey","tag-scholz","tag-spd"],"gt_translate_keys":[{"key":"link","format":"url"}],"_links":{"self":[{"href":"https:\/\/andreastriebel.de\/index.php?rest_route=\/wp\/v2\/posts\/849","targetHints":{"allow":["GET"]}}],"collection":[{"href":"https:\/\/andreastriebel.de\/index.php?rest_route=\/wp\/v2\/posts"}],"about":[{"href":"https:\/\/andreastriebel.de\/index.php?rest_route=\/wp\/v2\/types\/post"}],"author":[{"embeddable":true,"href":"https:\/\/andreastriebel.de\/index.php?rest_route=\/wp\/v2\/users\/1"}],"replies":[{"embeddable":true,"href":"https:\/\/andreastriebel.de\/index.php?rest_route=%2Fwp%2Fv2%2Fcomments&post=849"}],"version-history":[{"count":15,"href":"https:\/\/andreastriebel.de\/index.php?rest_route=\/wp\/v2\/posts\/849\/revisions"}],"predecessor-version":[{"id":871,"href":"https:\/\/andreastriebel.de\/index.php?rest_route=\/wp\/v2\/posts\/849\/revisions\/871"}],"wp:attachment":[{"href":"https:\/\/andreastriebel.de\/index.php?rest_route=%2Fwp%2Fv2%2Fmedia&parent=849"}],"wp:term":[{"taxonomy":"category","embeddable":true,"href":"https:\/\/andreastriebel.de\/index.php?rest_route=%2Fwp%2Fv2%2Fcategories&post=849"},{"taxonomy":"post_tag","embeddable":true,"href":"https:\/\/andreastriebel.de\/index.php?rest_route=%2Fwp%2Fv2%2Ftags&post=849"}],"curies":[{"name":"wp","href":"https:\/\/api.w.org\/{rel}","templated":true}]}}