{"id":899,"date":"2019-09-02T16:12:24","date_gmt":"2019-09-02T14:12:24","guid":{"rendered":"http:\/\/andreastriebel.de\/?p=899"},"modified":"2019-09-03T14:22:08","modified_gmt":"2019-09-03T12:22:08","slug":"die-lausitz-waehlt-afd","status":"publish","type":"post","link":"https:\/\/andreastriebel.de\/?p=899","title":{"rendered":"Die Lausitz w\u00e4hlt AfD","gt_translate_keys":[{"key":"rendered","format":"text"}]},"content":{"rendered":"\n<p>Die AfD will keinen Stopp des Kohleabbaus, keine Schliessung der Kohlekraftwerke. Sie leugnet den Klimawandel.<\/p>\n\n\n\n<p>Die Arbeiter der Kohlekraftwerke wissen dagegen sehr wohl, dass der Kohleabbau gestoppt werden muss. Sie wissen, dass der Klimawandel dramatische Auswirkungen hat. Aber sie wissen auch, dass sie wieder die Kosten tragen m\u00fcssen und nicht die ganze Gesellschaft. Sie werden, wie immer bei Betriebsschliessungen, in die Arbeitslosigkeit gestossen. Sie m\u00fcssen bei den Arbeits\u00e4mtern, jetzt versch\u00e4mt &#8222;Arbeitsagenturen&#8220; genannt, in der Schlange stehen und Unterst\u00fctzung beantragen. Und, wenn sie nicht bereit sind, lange Arbeitswege auf sich zu nehmen und unqualifizierte T\u00e4tigkeiten zu akzeptieren, wird ihnen die Auszahlung der von ihnen angesparten Beitr\u00e4ge verwehrt.  Und nachdem die Rezession begonnen hat und die Kapitalrendite sinkt,  bestehen auch kaum Aussichten auf eine Besserung ihrer Lage.<\/p>\n\n\n\n<p>Und die Medien sch\u00e4men sich nicht, sogar die Sch\u00fclerbewegung gegen sie auszuspielen und zu fordern,  Greta Thunberg m\u00fcsse den Arbeitern die Notwendigkeit der Schliessung ihrer Betriebe erkl\u00e4ren, wie perfide. Die Arbeiter wissen selbstverst\u00e4ndlich, dass der Klimawandel angehalten werden muss, aber dass sie die Kosten zu tragen haben und nicht die ganze Gesellschaft, das sehen sie nat\u00fcrlich nicht ein. Dabei wird es mit der Renovierung von zusammenfallenden &#8222;Bismarck- T\u00fcrmen&#8220; und anderen unsinnigen &#8222;Investitionen&#8220; wie sie die Altmaier- Kommission vorgeschlagen hat, nicht getan sein.<\/p>\n\n\n\n<p>Wen sollen die Arbeiter denn w\u00e4hlen, wenn nicht die AfD?  Dass die Behauptungen und Versprechungen der Parteien  vor den Wahlen nicht ernst zu nehmen sind, geh\u00f6rt zum Allgemeinwissen der w\u00e4hlenden Bev\u00f6lkerung. Aber die AfD nimmt sich wenigstens der Sorgen und N\u00f6te der Bev\u00f6lkerung der Lausitz an, sie redet sie nicht herunter und ignoriert sie nicht. <\/p>\n\n\n\n<p>Und die AfD behauptet nicht wie die SPD unter dem Einfluss ihrer Soziologen, dass es keine Arbeiter mehr geben w\u00fcrde. Dabei ist aber eine Verleugnung der Existenz die gr\u00f6sste Beleidigung, die man jemandem antun kann.<\/p>\n\n\n\n<p>Daher konnten nur noch einige aufrechte,  lokale Funktion\u00e4re der SPD das Vertrauen von W\u00e4hlern gewinnen und 7,8% der W\u00e4hler in Sachsen gewinnen. Die Funktion\u00e4rsschicht, die in Berlin den Austerit\u00e4tskurs durchsetzt, muss erst vollst\u00e4ndig entfernt werden, bevor eine sozialdemokratische Partei wieder nennenswerten Einfluss gewinnen kann.<\/p>\n\n\n\n<p>Und die Partei &#8222;Die Linke&#8220; plagt sich mit ihrer &#8222;open Border&#8220;- Fraktion herum. Diese Fraktion macht auf einen normalen Arbeiter den Eindruck einer Sekte. Wer offene Grenzen f\u00fcr alle fordert, kann nicht glaubw\u00fcrdig f\u00fcr Arme und Alte in Deutschland eintreten, daran \u00e4ndert auch die Forderung nach einer Reichensteuer nichts. <\/p>\n\n\n\n<p>Solange es die b\u00fcrgerlichen Parteien noch schaffen, eine Regierung zu bilden, und daf\u00fcr stehen die Gr\u00fcnen, auch wenn sie sich noch zieren, gern zur Verf\u00fcgung, k\u00f6nnen die Anspr\u00fcche der Verlierer des gesellschaftlichen Wandels noch zur\u00fcck gewiesen werden. Und die wohlhabende Mittelschicht gibt den Ton an, kann  Steuersenkungen durchsetzen und alle Lasten auf die Unterschichten abw\u00e4lzen. <\/p>\n\n\n\n<p>Erst wenn die soziale G\u00e4rung weiter fortschreitet und die soziale Spaltung offenbarer wird, schl\u00e4gt die Stunde der AfD.<\/p>\n","protected":false,"gt_translate_keys":[{"key":"rendered","format":"html"}]},"excerpt":{"rendered":"<p>Die AfD will keinen Stopp des Kohleabbaus, keine Schliessung der Kohlekraftwerke. Sie leugnet den Klimawandel. Die Arbeiter der Kohlekraftwerke wissen dagegen sehr wohl, dass der Kohleabbau gestoppt werden muss. Sie&hellip;<\/p>\n","protected":false,"gt_translate_keys":[{"key":"rendered","format":"html"}]},"author":1,"featured_media":0,"comment_status":"open","ping_status":"open","sticky":false,"template":"","format":"standard","meta":{"footnotes":""},"categories":[45,11],"tags":[16,32,305,304,340,15],"class_list":["post-899","post","type-post","status-publish","format-standard","hentry","category-gesellschaft","category-politik","tag-afd","tag-die-linke","tag-gruene","tag-klimawandel","tag-lausitz","tag-spd"],"gt_translate_keys":[{"key":"link","format":"url"}],"_links":{"self":[{"href":"https:\/\/andreastriebel.de\/index.php?rest_route=\/wp\/v2\/posts\/899","targetHints":{"allow":["GET"]}}],"collection":[{"href":"https:\/\/andreastriebel.de\/index.php?rest_route=\/wp\/v2\/posts"}],"about":[{"href":"https:\/\/andreastriebel.de\/index.php?rest_route=\/wp\/v2\/types\/post"}],"author":[{"embeddable":true,"href":"https:\/\/andreastriebel.de\/index.php?rest_route=\/wp\/v2\/users\/1"}],"replies":[{"embeddable":true,"href":"https:\/\/andreastriebel.de\/index.php?rest_route=%2Fwp%2Fv2%2Fcomments&post=899"}],"version-history":[{"count":13,"href":"https:\/\/andreastriebel.de\/index.php?rest_route=\/wp\/v2\/posts\/899\/revisions"}],"predecessor-version":[{"id":915,"href":"https:\/\/andreastriebel.de\/index.php?rest_route=\/wp\/v2\/posts\/899\/revisions\/915"}],"wp:attachment":[{"href":"https:\/\/andreastriebel.de\/index.php?rest_route=%2Fwp%2Fv2%2Fmedia&parent=899"}],"wp:term":[{"taxonomy":"category","embeddable":true,"href":"https:\/\/andreastriebel.de\/index.php?rest_route=%2Fwp%2Fv2%2Fcategories&post=899"},{"taxonomy":"post_tag","embeddable":true,"href":"https:\/\/andreastriebel.de\/index.php?rest_route=%2Fwp%2Fv2%2Ftags&post=899"}],"curies":[{"name":"wp","href":"https:\/\/api.w.org\/{rel}","templated":true}]}}