{"id":9,"date":"2016-09-25T10:10:57","date_gmt":"2016-09-25T10:10:57","guid":{"rendered":"http:\/\/andreastriebel.de\/?p=9"},"modified":"2016-12-30T18:07:09","modified_gmt":"2016-12-30T18:07:09","slug":"staatsterror-im-nahen-osten","status":"publish","type":"post","link":"https:\/\/andreastriebel.de\/?p=9","title":{"rendered":"Staatsterror im Nahen Osten","gt_translate_keys":[{"key":"rendered","format":"text"}]},"content":{"rendered":"<p><em>21.02.2016<\/em><\/p>\n<p>Mit Billigung der Westm\u00e4chte (man muss sagen: im Auftrag) terrorisiert Israel die Pal\u00e4stinenser und die T\u00fcrkei die Kurden. Seit Jahrzehnten werden ihre Siedlungsgebiete zerschossen und zerbombt, ihre F\u00fchrer umgebracht, sie werden ihrer kulturellen und politischen Identit\u00e4t beraubt. Die vollkommene Hoffnungslosigkeit ohne Aussicht auf eine Befreiung noch in dieser Generation war eine Triebfeder des arabischen Fr\u00fchlings. Eine Volksbewegung konnte das von den USA ausgehaltene Mubarak-Regime hinwegfegen, um dann von dem n\u00e4chsten von den USA eingesetzten Milit\u00e4r-Regime blutig niedergeschlagen zu werden. Ist der Staatsterror der T\u00fcrkei, Israels und \u00c4gyptens denn weniger verwerflich als der Terror der islamistischen Banden?<\/p>\n","protected":false,"gt_translate_keys":[{"key":"rendered","format":"html"}]},"excerpt":{"rendered":"<p>21.02.2016 Mit Billigung der Westm\u00e4chte (man muss sagen: im Auftrag) terrorisiert Israel die Pal\u00e4stinenser und die T\u00fcrkei die Kurden. Seit Jahrzehnten werden ihre Siedlungsgebiete zerschossen und zerbombt, ihre F\u00fchrer umgebracht,&hellip;<\/p>\n","protected":false,"gt_translate_keys":[{"key":"rendered","format":"html"}]},"author":1,"featured_media":0,"comment_status":"open","ping_status":"open","sticky":false,"template":"","format":"standard","meta":{"footnotes":""},"categories":[11,1],"tags":[17,19,18],"class_list":["post-9","post","type-post","status-publish","format-standard","hentry","category-politik","category-uncategorized","tag-israel","tag-kurden","tag-tuerkei"],"gt_translate_keys":[{"key":"link","format":"url"}],"_links":{"self":[{"href":"https:\/\/andreastriebel.de\/index.php?rest_route=\/wp\/v2\/posts\/9","targetHints":{"allow":["GET"]}}],"collection":[{"href":"https:\/\/andreastriebel.de\/index.php?rest_route=\/wp\/v2\/posts"}],"about":[{"href":"https:\/\/andreastriebel.de\/index.php?rest_route=\/wp\/v2\/types\/post"}],"author":[{"embeddable":true,"href":"https:\/\/andreastriebel.de\/index.php?rest_route=\/wp\/v2\/users\/1"}],"replies":[{"embeddable":true,"href":"https:\/\/andreastriebel.de\/index.php?rest_route=%2Fwp%2Fv2%2Fcomments&post=9"}],"version-history":[{"count":2,"href":"https:\/\/andreastriebel.de\/index.php?rest_route=\/wp\/v2\/posts\/9\/revisions"}],"predecessor-version":[{"id":88,"href":"https:\/\/andreastriebel.de\/index.php?rest_route=\/wp\/v2\/posts\/9\/revisions\/88"}],"wp:attachment":[{"href":"https:\/\/andreastriebel.de\/index.php?rest_route=%2Fwp%2Fv2%2Fmedia&parent=9"}],"wp:term":[{"taxonomy":"category","embeddable":true,"href":"https:\/\/andreastriebel.de\/index.php?rest_route=%2Fwp%2Fv2%2Fcategories&post=9"},{"taxonomy":"post_tag","embeddable":true,"href":"https:\/\/andreastriebel.de\/index.php?rest_route=%2Fwp%2Fv2%2Ftags&post=9"}],"curies":[{"name":"wp","href":"https:\/\/api.w.org\/{rel}","templated":true}]}}