{"id":933,"date":"2019-09-07T20:08:16","date_gmt":"2019-09-07T18:08:16","guid":{"rendered":"http:\/\/andreastriebel.de\/?p=933"},"modified":"2019-09-08T15:06:34","modified_gmt":"2019-09-08T13:06:34","slug":"un-marchand-hanseatique","status":"publish","type":"post","link":"https:\/\/andreastriebel.de\/?p=933","title":{"rendered":"Un marchand hans\u00e9atique","gt_translate_keys":[{"key":"rendered","format":"text"}]},"content":{"rendered":"\n<figure class=\"wp-block-embed-wordpress wp-block-embed is-type-wp-embed is-provider-dr-andreas-triebel\"><div class=\"wp-block-embed__wrapper\">\n<blockquote class=\"wp-embedded-content\" data-secret=\"h5zUqeWXFZ\"><a href=\"https:\/\/andreastriebel.de\/?p=916\">Ein hanseatischer Kaufmann<\/a><\/blockquote><iframe loading=\"lazy\" class=\"wp-embedded-content\" sandbox=\"allow-scripts\" security=\"restricted\" style=\"position: absolute; clip: rect(1px, 1px, 1px, 1px);\" title=\"&#8222;Ein hanseatischer Kaufmann&#8220; &#8212; Dr. Andreas Triebel\" src=\"https:\/\/andreastriebel.de\/?p=916&#038;embed=true#?secret=wtIhu3yWJQ#?secret=h5zUqeWXFZ\" data-secret=\"h5zUqeWXFZ\" width=\"317\" height=\"200\" frameborder=\"0\" marginwidth=\"0\" marginheight=\"0\" scrolling=\"no\"><\/iframe>\n<\/div><\/figure>\n\n\n\n<p>Olaf Scholz traverse la carri\u00e8re de r\u00eave d&#8217;un social-d\u00e9mocrate de la classe fonctionnelle sup\u00e9rieure. S&#8217;il est \u00e9galement \u00e9lu chef du parti, il a atteint l&#8217;un de ses objectifs de r\u00eave.<\/p>\n\n\n\n<p>Issu d&#8217;une petite bourgeoisie, il a \u00e9t\u00e9 un ardent propagateur du slogan de l&#8217;avancement par l&#8217;\u00e9ducation. Dans le milieu \u00e9tudiant et universitaire, dont les repr\u00e9sentants \u00e0 Hambourg dominent le SPD, il a gravi les \u00e9chelons sans avoir \u00e0 faire face aux conditions de vie difficiles des prol\u00e9taires. Et \u00e0 des postes de responsabilit\u00e9, notamment en tant que ministre des Finances, il a repr\u00e9sent\u00e9 des positions bourgeoises. Il a diffus\u00e9 avec empressement l&#8217;id\u00e9ologie de l&#8217;\u00c9tat, qui doit \u00e9conomiser de l&#8217;argent. Il ne voulait pas expliquer pour qui l&#8217;\u00c9tat \u00e9tait cens\u00e9 \u00e9conomiser.<\/p>\n\n\n\n<p>Mais le prol\u00e9tarien est d\u00e9pendant des soins collectifs. Il n&#8217;a aucun moyen mat\u00e9riel d&#8217;\u00e9conomiser. Il veut pouvoir envoyer ses enfants dans des piscines ext\u00e9rieures et r\u00e9nover des \u00e9coles et des jardins d&#8217;enfants. Et le prol\u00e9taire, qui a mis sa main d&#8217;\u0153uvre \u00e0 disposition tout au long de sa vie, n&#8217;accepte pas qu&#8217;il ne puisse se rendre dans la lande de Lunebourg qu&#8217;\u00e0 un \u00e2ge avanc\u00e9, mais plus \u00e0 l&#8217;\u00e9tranger. La pauvret\u00e9 des personnes \u00e2g\u00e9es n&#8217;est pas un probl\u00e8me auquel les fonctionnaires du milieu universitaire peuvent faire face. Et le fait que la population rurale doive se d\u00e9brouiller avec de moins en moins de m\u00e9decins germanophones n&#8217;est pas un probl\u00e8me pour la classe sup\u00e9rieure des fonctionnaires. Lorsque des probl\u00e8mes sont entendus, les clans qui dirigent les partis ne sont pas diff\u00e9rents les uns des autres.<\/p>\n\n\n\n<p>Sur une p\u00e9riode de plus de douze ans, plusieurs milliards (aujourd&#8217;hui plus de cinquante milliards) ont \u00e9t\u00e9 mis \u00e0 la disposition de l&#8217;oligarchie financi\u00e8re n\u00e9gociant des actions pour les rendre disponibles sur les fonds publics. Scholz et Sch\u00e4uble n&#8217;\u00e9taient pas diff\u00e9rents.<\/p>\n\n\n\n<p>Comme Sch\u00e4uble, Scholz a poursuivi l&#8217;aust\u00e9rit\u00e9 du gouvernement, qui s&#8217;est traduite par le d\u00e9clin des services publics d&#8217;int\u00e9r\u00eat g\u00e9n\u00e9ral.<\/p>\n\n\n\n<p>Pourquoi la classe dirigeante du SPD refuse-t-elle ses \u00e9lecteurs ? Schr\u00f6der voulait laisser ses origines derri\u00e8re lui et a cess\u00e9 d&#8217;utiliser le mot travailleur. Il ne parlait que du peuple (peut-\u00eatre \u00e0 l&#8217;instar d&#8217;un certain empereur allemand qui, soudain, ne connaissait plus aucun parti).<\/p>\n\n\n\n<p>Cette classe officielle avait honte de ses origines et de ses \u00e9lecteurs issus du milieu prol\u00e9tarien. Ils leur doivent leur ascension sociale, leur pouvoir et leur prestige. Mais ils veulent aller plus haut. Ils veulent \u00eatre reconnus par la bourgeoisie. Ils veulent \u00eatre reconnus comme membres de la classe bourgeoise. Ce n&#8217;est qu&#8217;alors que les carri\u00e8res et les grimpeurs sont satisfaits.<\/p>\n\n\n\n<p>Schr\u00f6der \u00e9tait un carri\u00e8reiste si impitoyable et Scholz serait un successeur convenable, sinon avec une si grande bouche.<\/p>\n\n\n\n<p>Si quelqu&#8217;un vote encore pour le SPD, ce n&#8217;est certainement pas \u00e0 cause des fonctionnaires de Berlin, qui ne proposent qu&#8217;une interdiction des sacs en plastique pour faire face \u00e0 la crise climatique, et ceux qui pensent que cela a \u00e9t\u00e9 oubli\u00e9 il y a vingt ans ne sont plus qu&#8217;un gag pour les m\u00e9dias. L&#8217;actionnisme de l&#8217;essoufflement n&#8217;\u00e9limine pas la relation perturb\u00e9e du DOCUP avec la protection de l&#8217;environnement.<\/p>\n\n\n\n<p>Le SPD n&#8217;est plus ancr\u00e9 dans la classe ouvri\u00e8re (cette classe n&#8217;existe plus pour les fonctionnaires haut de gamme) et la classe moyenne n&#8217;a plus besoin de ce parti. Il y a aussi un ministre des Finances qui se donne comme acheteur respectable et hans\u00e9atique qui n&#8217;utilise rien.<\/p>\n\n\n\n<p>Publi\u00e9 dans Soci\u00e9t\u00e9, PolitiqueChangement climatique, Scholz, SPDEdit &#8222;Un marchand hans\u00e9atique&#8220; (en allemand)    <br>\nNavigation<br>\nPrev Lusatia choisit AfD<\/p>\n\n\n\n<p>Traduit avec www.DeepL.com\/Translator<\/p>\n","protected":false,"gt_translate_keys":[{"key":"rendered","format":"html"}]},"excerpt":{"rendered":"<p>Olaf Scholz traverse la carri\u00e8re de r\u00eave d&#8217;un social-d\u00e9mocrate de la classe fonctionnelle sup\u00e9rieure. S&#8217;il est \u00e9galement \u00e9lu chef du parti, il a atteint l&#8217;un de ses objectifs de r\u00eave.&hellip;<\/p>\n","protected":false,"gt_translate_keys":[{"key":"rendered","format":"html"}]},"author":1,"featured_media":0,"comment_status":"open","ping_status":"open","sticky":false,"template":"","format":"standard","meta":{"footnotes":""},"categories":[11],"tags":[339,304,182,15],"class_list":["post-933","post","type-post","status-publish","format-standard","hentry","category-politik","tag-austerite","tag-klimawandel","tag-scholz","tag-spd"],"gt_translate_keys":[{"key":"link","format":"url"}],"_links":{"self":[{"href":"https:\/\/andreastriebel.de\/index.php?rest_route=\/wp\/v2\/posts\/933","targetHints":{"allow":["GET"]}}],"collection":[{"href":"https:\/\/andreastriebel.de\/index.php?rest_route=\/wp\/v2\/posts"}],"about":[{"href":"https:\/\/andreastriebel.de\/index.php?rest_route=\/wp\/v2\/types\/post"}],"author":[{"embeddable":true,"href":"https:\/\/andreastriebel.de\/index.php?rest_route=\/wp\/v2\/users\/1"}],"replies":[{"embeddable":true,"href":"https:\/\/andreastriebel.de\/index.php?rest_route=%2Fwp%2Fv2%2Fcomments&post=933"}],"version-history":[{"count":4,"href":"https:\/\/andreastriebel.de\/index.php?rest_route=\/wp\/v2\/posts\/933\/revisions"}],"predecessor-version":[{"id":946,"href":"https:\/\/andreastriebel.de\/index.php?rest_route=\/wp\/v2\/posts\/933\/revisions\/946"}],"wp:attachment":[{"href":"https:\/\/andreastriebel.de\/index.php?rest_route=%2Fwp%2Fv2%2Fmedia&parent=933"}],"wp:term":[{"taxonomy":"category","embeddable":true,"href":"https:\/\/andreastriebel.de\/index.php?rest_route=%2Fwp%2Fv2%2Fcategories&post=933"},{"taxonomy":"post_tag","embeddable":true,"href":"https:\/\/andreastriebel.de\/index.php?rest_route=%2Fwp%2Fv2%2Ftags&post=933"}],"curies":[{"name":"wp","href":"https:\/\/api.w.org\/{rel}","templated":true}]}}