{"id":942,"date":"2019-09-08T15:01:26","date_gmt":"2019-09-08T13:01:26","guid":{"rendered":"http:\/\/andreastriebel.de\/?p=942"},"modified":"2019-09-08T18:00:18","modified_gmt":"2019-09-08T16:00:18","slug":"un-mercader-hanseatico","status":"publish","type":"post","link":"https:\/\/andreastriebel.de\/?p=942","title":{"rendered":"Un mercader hanse\u00e1tico","gt_translate_keys":[{"key":"rendered","format":"text"}]},"content":{"rendered":"\n<figure class=\"wp-block-embed-wordpress wp-block-embed is-type-wp-embed is-provider-dr-andreas-triebel\"><div class=\"wp-block-embed__wrapper\">\n<blockquote class=\"wp-embedded-content\" data-secret=\"Wgglvtxgtl\"><a href=\"https:\/\/andreastriebel.de\/?p=916\">Ein hanseatischer Kaufmann<\/a><\/blockquote><iframe loading=\"lazy\" class=\"wp-embedded-content\" sandbox=\"allow-scripts\" security=\"restricted\" style=\"position: absolute; clip: rect(1px, 1px, 1px, 1px);\" title=\"&#8222;Ein hanseatischer Kaufmann&#8220; &#8212; Dr. Andreas Triebel\" src=\"https:\/\/andreastriebel.de\/?p=916&#038;embed=true#?secret=AhdvmQtDjK#?secret=Wgglvtxgtl\" data-secret=\"Wgglvtxgtl\" width=\"317\" height=\"200\" frameborder=\"0\" marginwidth=\"0\" marginheight=\"0\" scrolling=\"no\"><\/iframe>\n<\/div><\/figure>\n\n\n\n<p>Olaf Scholz recorre la carrera de ensue\u00f1o de un socialdem\u00f3crata de la clase funcional alta. Si adem\u00e1s es elegido l\u00edder del partido, ha logrado una de las metas de sus sue\u00f1os.<\/p>\n\n\n\n<p>Procedente de la peque\u00f1a burgues\u00eda, fue un duro propagador de la consigna del progreso a trav\u00e9s de la educaci\u00f3n. En el medio estudiantil y universitario, cuyos representantes en Hamburgo dominan el SPD, se abri\u00f3 camino sin tener que entrar en contacto con las duras condiciones de vida de los proletarios. Y en cargos de responsabilidad, especialmente como ministro de finanzas, ha representado a posiciones burguesas. Difunde con entusiasmo la ideolog\u00eda del Estado, que tiene que ahorrar dinero. No quiso explicar para qui\u00e9n se supon\u00eda que deb\u00eda ahorrar el estado.<\/p>\n\n\n\n<p>Pero el proletario depende del cuidado colectivo. No tiene medios materiales para salvar. Quiere poder enviar a sus hijos a piscinas al aire libre y a escuelas y jardines de infancia renovados. Y el proletario, que a lo largo de su vida ha puesto a disposici\u00f3n su mano de obra, no acepta que s\u00f3lo pueda viajar a la L\u00fcneburger Heide en la vejez, pero no al extranjero. La pobreza de las personas mayores no es un problema que puedan resolver los funcionarios del medio universitario. Y el hecho de que la poblaci\u00f3n rural tenga que arregl\u00e1rselas con cada vez menos m\u00e9dicos de habla alemana no es un problema para la clase alta de funcionarios. Cuando se escuchan los problemas, las camarillas l\u00edderes en los partidos individuales no difieren.<\/p>\n\n\n\n<p>Durante un per\u00edodo de m\u00e1s de doce a\u00f1os, muchos miles de millones (ahora m\u00e1s de cincuenta miles de millones) estuvieron a disposici\u00f3n de la oligarqu\u00eda financiera que comercia con acciones para ponerlas a disposici\u00f3n de los fondos estatales. Scholz y Sch\u00e4uble no difer\u00edan.<\/p>\n\n\n\n<p>Al igual que Sch\u00e4uble, Scholz continu\u00f3 el curso de austeridad del gobierno, que se manifest\u00f3 en el declive de los servicios p\u00fablicos de inter\u00e9s general.<\/p>\n\n\n\n<p>\u00bfPor qu\u00e9 la clase dirigente del SPD niega a sus votantes? Schr\u00f6der quer\u00eda dejar atr\u00e1s sus or\u00edgenes y dej\u00f3 de usar la palabra trabajador. S\u00f3lo hablaba de la gente (tal vez siguiendo el ejemplo de cierto emperador alem\u00e1n que de repente ya no conoc\u00eda a nadie).<\/p>\n\n\n\n<p>Esta clase oficial se avergonzaba de sus or\u00edgenes y de sus votantes del medio proletario. Les deben su ascenso social, su poder y su prestigio. Pero quieren ir m\u00e1s alto. Quieren el reconocimiento de la burgues\u00eda. Quieren ser reconocidos como miembros de la clase burguesa. S\u00f3lo entonces quedan satisfechos los profesionales y los escaladores.<\/p>\n\n\n\n<p>Schr\u00f6der era un despiadado profesionalista y Scholz ser\u00eda un sucesor adecuado, aunque no fuera con una boca tan grande.<\/p>\n\n\n\n<p>Si alguien sigue votando por el SPD, no se debe en absoluto a los funcionarios de Berl\u00edn, que se limitan a prohibir las bolsas de pl\u00e1stico para hacer frente a la crisis clim\u00e1tica, y cualquiera que piense que esto se pas\u00f3 por alto hace veinte a\u00f1os, ahora es s\u00f3lo una broma para los medios de comunicaci\u00f3n. La falta de aliento no elimina la relaci\u00f3n perturbada del SPD con la protecci\u00f3n del medio ambiente.<\/p>\n\n\n\n<p>El SPD ya no est\u00e1 anclado en la clase obrera (esta clase ya no existe para los funcionarios de alto nivel) y la clase media ya no necesita este partido. Tambi\u00e9n hay un ministro de finanzas que se da a s\u00ed mismo como comprador respetable y hanse\u00e1tico que no usa nada.<\/p>\n","protected":false,"gt_translate_keys":[{"key":"rendered","format":"html"}]},"excerpt":{"rendered":"<p>Olaf Scholz recorre la carrera de ensue\u00f1o de un socialdem\u00f3crata de la clase funcional alta. Si adem\u00e1s es elegido l\u00edder del partido, ha logrado una de las metas de sus&hellip;<\/p>\n","protected":false,"gt_translate_keys":[{"key":"rendered","format":"html"}]},"author":1,"featured_media":0,"comment_status":"open","ping_status":"open","sticky":false,"template":"","format":"standard","meta":{"footnotes":""},"categories":[45,11],"tags":[341,182,15],"class_list":["post-942","post","type-post","status-publish","format-standard","hentry","category-gesellschaft","category-politik","tag-etiquetado","tag-scholz","tag-spd"],"gt_translate_keys":[{"key":"link","format":"url"}],"_links":{"self":[{"href":"https:\/\/andreastriebel.de\/index.php?rest_route=\/wp\/v2\/posts\/942","targetHints":{"allow":["GET"]}}],"collection":[{"href":"https:\/\/andreastriebel.de\/index.php?rest_route=\/wp\/v2\/posts"}],"about":[{"href":"https:\/\/andreastriebel.de\/index.php?rest_route=\/wp\/v2\/types\/post"}],"author":[{"embeddable":true,"href":"https:\/\/andreastriebel.de\/index.php?rest_route=\/wp\/v2\/users\/1"}],"replies":[{"embeddable":true,"href":"https:\/\/andreastriebel.de\/index.php?rest_route=%2Fwp%2Fv2%2Fcomments&post=942"}],"version-history":[{"count":2,"href":"https:\/\/andreastriebel.de\/index.php?rest_route=\/wp\/v2\/posts\/942\/revisions"}],"predecessor-version":[{"id":948,"href":"https:\/\/andreastriebel.de\/index.php?rest_route=\/wp\/v2\/posts\/942\/revisions\/948"}],"wp:attachment":[{"href":"https:\/\/andreastriebel.de\/index.php?rest_route=%2Fwp%2Fv2%2Fmedia&parent=942"}],"wp:term":[{"taxonomy":"category","embeddable":true,"href":"https:\/\/andreastriebel.de\/index.php?rest_route=%2Fwp%2Fv2%2Fcategories&post=942"},{"taxonomy":"post_tag","embeddable":true,"href":"https:\/\/andreastriebel.de\/index.php?rest_route=%2Fwp%2Fv2%2Ftags&post=942"}],"curies":[{"name":"wp","href":"https:\/\/api.w.org\/{rel}","templated":true}]}}